{"id":1966,"date":"2025-07-15T05:24:27","date_gmt":"2025-07-15T05:24:27","guid":{"rendered":"https:\/\/aemtl.org\/tetun\/?p=1966"},"modified":"2025-07-16T03:04:58","modified_gmt":"2025-07-16T03:04:58","slug":"asosiasaun-emprezariu-feto-timor-leste-aemtl-iha-nivel-nasional-no-municipal-partisipa-iha-seminariu-nasional-ba-feto","status":"publish","type":"post","link":"https:\/\/aemtl.org\/pt\/asosiasaun-emprezariu-feto-timor-leste-aemtl-iha-nivel-nasional-no-municipal-partisipa-iha-seminariu-nasional-ba-feto\/","title":{"rendered":"Celebra\u00e7\u00e3o do 17.\u00ba Anivers\u00e1rio da Associa\u00e7\u00e3o Empresarial das Mulheres de Timor-Leste (AEMTL) no Munic\u00edpio de Baucau."},"content":{"rendered":"\n<p>Baucau, 01 de Maio de 2025<\/p>\n\n\n\n<p>A Associa\u00e7\u00e3o Empresarial das Mulheres de Timor-Leste (AEMTL) celebrou o seu 17\u00ba anivers\u00e1rio no munic\u00edpio de Baucau com um programa que incluiu as seguintes atividades:<\/p>\n\n\n\n<p>\u2022 Missa de Agradecimento pelo Anivers\u00e1rio da AEMTL<\/p>\n\n\n\n<p>\u2022 Inaugura\u00e7\u00e3o do Salaun Vila Nova \u2013 obra realizada pelas membros da AEMTL em Baucau<\/p>\n\n\n\n<p>\u2022 An\u00fancio da Abertura da Segunda Etapa de Inscri\u00e7\u00e3o para o Programa Timor-Leste Business in Women Awards<\/p>\n\n\n\n<p>\u2022 Lan\u00e7amento da Base de Dados<\/p>\n\n\n\n<p>A celebra\u00e7\u00e3o do anivers\u00e1rio ocorreu no munic\u00edpio de Baucau com a ideia de fortalecer \u201cCapacita\u00e7\u00e3o e Lideran\u00e7a\u201d de mulheres, tanto a n\u00edvel nacional quanto internacional, com o foco em mulheres jovens no munic\u00edpio de Baucau. A AEMTL tem um papel fundamental na promo\u00e7\u00e3o do empreendedorismo feminino e na supera\u00e7\u00e3o de desafios e barreiras que as mulheres enfrentam.<\/p>\n\n\n\n<p>Ao longo dos 17\u00ba anos de exist\u00eancia da AEMTL, houve desafios e obst\u00e1culos enfrentados pelas mulheres, mas esses desafios tamb\u00e9m serviram como for\u00e7a para melhorar a luta das mulheres, especialmente no que diz respeito \u00e0 sua independ\u00eancia econ\u00f4mica. Baucau foi o primeiro munic\u00edpio a organizar a celebra\u00e7\u00e3o do anivers\u00e1rio da AEMTL, ap\u00f3s a expans\u00e3o da associa\u00e7\u00e3o, e parabenizou a Presidente e a estrutura da AEMTL em Baucau. A cerim\u00f4nia de celebra\u00e7\u00e3o foi alegre e vibrante, com um ambiente renovado que refletiu a energia nova trazida por esse evento.<\/p>\n\n\n\n<p>Al\u00e9m disso, foi inaugurado o \u201cSalaun Andi Makmur\u201d, um espa\u00e7o constru\u00eddo pelas mulheres membros da AEMTL de Baucau, que ser\u00e1 utilizado para cerim\u00f4nias, reuni\u00f5es e eventos relacionados.<\/p>\n\n\n\n<p>Na mesma ocasi\u00e3o, a AEMTL, em parceria com o IFC, fez o lan\u00e7amento da socializa\u00e7\u00e3o do Pr\u00eamio Empreendedorismo Feminino \u2013 Timor-Leste Business in Women Awards 2025. Ap\u00f3s o sucesso da edi\u00e7\u00e3o de 2024, que contou com o patroc\u00ednio de Sua Excel\u00eancia o Presidente da Rep\u00fablica, Dr. Jos\u00e9 Ramos Horta, e foi organizada pela Embaixada da Austr\u00e1lia, Nova Zel\u00e2ndia, IFC, e AEMTL, o objetivo agora \u00e9 promover a inscri\u00e7\u00e3o das mulheres do munic\u00edpio e de outras partes do pa\u00eds para que possam participar dessa competi\u00e7\u00e3o nacional que ocorrer\u00e1 em Novembro de 2025.<\/p>\n\n\n\n<p>Ainda dentro das atividades de celebra\u00e7\u00e3o, a AEMTL, em colabora\u00e7\u00e3o com a SEI, lan\u00e7ou a Base de Dados, um processo inicial para fornecer informa\u00e7\u00f5es ao p\u00fablico sobre a exist\u00eancia e a participa\u00e7\u00e3o das mulheres no mundo dos neg\u00f3cios. A base de dados tem como objetivo ser uma fonte estrat\u00e9gica de informa\u00e7\u00e3o que ajude no processo de inscri\u00e7\u00e3o e participa\u00e7\u00e3o, al\u00e9m de promover pol\u00edticas que beneficiem as mulheres e garantam oportunidades econ\u00f4micas justas e transformadoras.<\/p>\n","protected":false},"excerpt":{"rendered":"<p>Baucau, 01 de Maio de 2025 A Associa\u00e7\u00e3o Empresarial das Mulheres de Timor-Leste (AEMTL) celebrou o seu 17\u00ba anivers\u00e1rio no munic\u00edpio de Baucau com um programa que incluiu as seguintes atividades: \u2022 Missa de Agradecimento pelo Anivers\u00e1rio da AEMTL \u2022 Inaugura\u00e7\u00e3o do Salaun Vila Nova \u2013 obra realizada pelas membros da AEMTL em Baucau \u2022 [&hellip;]<\/p>\n","protected":false},"author":5,"featured_media":2027,"comment_status":"open","ping_status":"open","sticky":false,"template":"","format":"standard","meta":{"footnotes":""},"categories":[6],"tags":[],"class_list":["post-1966","post","type-post","status-publish","format-standard","has-post-thumbnail","hentry","category-news"],"_links":{"self":[{"href":"https:\/\/aemtl.org\/pt\/wp-json\/wp\/v2\/posts\/1966","targetHints":{"allow":["GET"]}}],"collection":[{"href":"https:\/\/aemtl.org\/pt\/wp-json\/wp\/v2\/posts"}],"about":[{"href":"https:\/\/aemtl.org\/pt\/wp-json\/wp\/v2\/types\/post"}],"author":[{"embeddable":true,"href":"https:\/\/aemtl.org\/pt\/wp-json\/wp\/v2\/users\/5"}],"replies":[{"embeddable":true,"href":"https:\/\/aemtl.org\/pt\/wp-json\/wp\/v2\/comments?post=1966"}],"version-history":[{"count":7,"href":"https:\/\/aemtl.org\/pt\/wp-json\/wp\/v2\/posts\/1966\/revisions"}],"predecessor-version":[{"id":1973,"href":"https:\/\/aemtl.org\/pt\/wp-json\/wp\/v2\/posts\/1966\/revisions\/1973"}],"wp:featuredmedia":[{"embeddable":true,"href":"https:\/\/aemtl.org\/pt\/wp-json\/wp\/v2\/media\/2027"}],"wp:attachment":[{"href":"https:\/\/aemtl.org\/pt\/wp-json\/wp\/v2\/media?parent=1966"}],"wp:term":[{"taxonomy":"category","embeddable":true,"href":"https:\/\/aemtl.org\/pt\/wp-json\/wp\/v2\/categories?post=1966"},{"taxonomy":"post_tag","embeddable":true,"href":"https:\/\/aemtl.org\/pt\/wp-json\/wp\/v2\/tags?post=1966"}],"curies":[{"name":"wp","href":"https:\/\/api.w.org\/{rel}","templated":true}]}}