{"id":1984,"date":"2025-07-16T03:05:09","date_gmt":"2025-07-16T03:05:09","guid":{"rendered":"https:\/\/aemtl.org\/pt\/?p=1984"},"modified":"2025-07-16T03:05:09","modified_gmt":"2025-07-16T03:05:09","slug":"celebracao-do-17-o-aniversario-da-associacao-empresarial-das-mulheres-de-timor-leste-aemtl-no-municipio-de-baucau","status":"publish","type":"post","link":"https:\/\/aemtl.org\/pt\/celebracao-do-17-o-aniversario-da-associacao-empresarial-das-mulheres-de-timor-leste-aemtl-no-municipio-de-baucau\/","title":{"rendered":"Cerim\u00f3nia de Entrega de Pr\u00e9mios \u2013 Concurso de Design de Cestarias Tradicionais"},"content":{"rendered":"\n<p>Segunda-feira, 12 de Maio 2025,<\/p>\n\n\n\n<p>Associa\u00e7\u00e3o Empresarial de Timor-Leste AEMTL realizou a cerim\u00f3nia de entrega de pr\u00e9mios no Centro Cultural Portugu\u00eas, celebrando o talento de artes\u00e3s e artes\u00e3os de 13 munic\u00edpios.<\/p>\n\n\n\n<p>Este concurso foi uma iniciativa promovida pela Associa\u00e7\u00e3o Empresarial das Mulheres de Timor-Leste (AEMTL), com o apoio do Cam\u00f5es \u2013 Centro Cultural Portugu\u00eas.<\/p>\n\n\n\n<p>O evento contou com a presen\u00e7a do Secret\u00e1rio de Estado da Arte e Cultura, a Embaixadora de Portugal em Timor-Leste, e Presidente Interina da AEMTL, convidados especiais, estruturas municipais da AEMTL e todos os concorrentes.<\/p>\n\n\n\n<p>Foi um momento especial de homenagem \u00e0 criatividade, identidade e tradi\u00e7\u00e3o timorense.<\/p>\n\n\n\n<p>Parab\u00e9ns a todas e todos que participaram, todos somos vencedores, porque a arte n\u00e3o tem limites. Continuem a criar com orgulho!<\/p>\n\n\n\n<p><a href=\"https:\/\/web.facebook.com\/hashtag\/aemtl?__eep__=6&#038;__cft__[0]=AZW1sKi9AJWikxETh_q55ANTr4aSnfy2b75I00bg7Ra_VYtUhx042TR1Lm0daoyXYYjotEjb5JC3HPo7kVAasYnQRGHmRmWvbejV7T9JBzQvG91jPzDQX2SkFh2n2OtK1Yds8JSRiLK46-eL_sGutgzscUaRsjKy4QMr3lg4Ns88gY8ew4-KfbgIoNJaQKYx7wLDXBBj9vooFUpqWQdDCIeW&#038;__tn__=*NK-R\">#AEMTL<\/a><\/p>\n\n\n\n<p><a href=\"https:\/\/web.facebook.com\/hashtag\/cam%C3%B5escentrocultural?__eep__=6&#038;__cft__[0]=AZW1sKi9AJWikxETh_q55ANTr4aSnfy2b75I00bg7Ra_VYtUhx042TR1Lm0daoyXYYjotEjb5JC3HPo7kVAasYnQRGHmRmWvbejV7T9JBzQvG91jPzDQX2SkFh2n2OtK1Yds8JSRiLK46-eL_sGutgzscUaRsjKy4QMr3lg4Ns88gY8ew4-KfbgIoNJaQKYx7wLDXBBj9vooFUpqWQdDCIeW&#038;__tn__=*NK-R\">#Cam\u00f5esCentroCultural<\/a><\/p>\n\n\n\n<p><\/p>\n","protected":false},"excerpt":{"rendered":"<p>Segunda-feira, 12 de Maio 2025, Associa\u00e7\u00e3o Empresarial de Timor-Leste AEMTL realizou a cerim\u00f3nia de entrega de pr\u00e9mios no Centro Cultural Portugu\u00eas, celebrando o talento de artes\u00e3s e artes\u00e3os de 13 munic\u00edpios. Este concurso foi uma iniciativa promovida pela Associa\u00e7\u00e3o Empresarial das Mulheres de Timor-Leste (AEMTL), com o apoio do Cam\u00f5es \u2013 Centro Cultural Portugu\u00eas. O [&hellip;]<\/p>\n","protected":false},"author":5,"featured_media":2019,"comment_status":"open","ping_status":"open","sticky":false,"template":"","format":"standard","meta":{"footnotes":""},"categories":[6],"tags":[],"class_list":["post-1984","post","type-post","status-publish","format-standard","has-post-thumbnail","hentry","category-news"],"_links":{"self":[{"href":"https:\/\/aemtl.org\/pt\/wp-json\/wp\/v2\/posts\/1984","targetHints":{"allow":["GET"]}}],"collection":[{"href":"https:\/\/aemtl.org\/pt\/wp-json\/wp\/v2\/posts"}],"about":[{"href":"https:\/\/aemtl.org\/pt\/wp-json\/wp\/v2\/types\/post"}],"author":[{"embeddable":true,"href":"https:\/\/aemtl.org\/pt\/wp-json\/wp\/v2\/users\/5"}],"replies":[{"embeddable":true,"href":"https:\/\/aemtl.org\/pt\/wp-json\/wp\/v2\/comments?post=1984"}],"version-history":[{"count":3,"href":"https:\/\/aemtl.org\/pt\/wp-json\/wp\/v2\/posts\/1984\/revisions"}],"predecessor-version":[{"id":1987,"href":"https:\/\/aemtl.org\/pt\/wp-json\/wp\/v2\/posts\/1984\/revisions\/1987"}],"wp:featuredmedia":[{"embeddable":true,"href":"https:\/\/aemtl.org\/pt\/wp-json\/wp\/v2\/media\/2019"}],"wp:attachment":[{"href":"https:\/\/aemtl.org\/pt\/wp-json\/wp\/v2\/media?parent=1984"}],"wp:term":[{"taxonomy":"category","embeddable":true,"href":"https:\/\/aemtl.org\/pt\/wp-json\/wp\/v2\/categories?post=1984"},{"taxonomy":"post_tag","embeddable":true,"href":"https:\/\/aemtl.org\/pt\/wp-json\/wp\/v2\/tags?post=1984"}],"curies":[{"name":"wp","href":"https:\/\/api.w.org\/{rel}","templated":true}]}}