{"id":1999,"date":"2025-07-16T03:05:34","date_gmt":"2025-07-16T03:05:34","guid":{"rendered":"https:\/\/aemtl.org\/?p=1999"},"modified":"2025-07-16T03:05:34","modified_gmt":"2025-07-16T03:05:34","slug":"a-formal-meeting-with-his-excellency-the-minister-of-state-administration-mae-mr-tomas-do-rosario-cabral-in-the-ministers-office","status":"publish","type":"post","link":"https:\/\/aemtl.org\/pt\/a-formal-meeting-with-his-excellency-the-minister-of-state-administration-mae-mr-tomas-do-rosario-cabral-in-the-ministers-office\/","title":{"rendered":"A Associa\u00e7\u00e3o Empresarial das Mulheres de Timor-Leste (AEMTL) e a International Finance Corporation (IFC) realizaram uma reuni\u00e3o com o Gabinete do Presidente da Rep\u00fablica para discutir os preparativos para a fase 2 dos Pr\u00eamios Mulheres nos Neg\u00f3cios de Timor-Leste em 2025."},"content":{"rendered":"\n<p> O Pr\u00eamio Empreendedora de Timor-Leste \u00e9 uma iniciativa pioneira da International Finance Corporation (IFC) e da Associa\u00e7\u00e3o Empresarial das Mulheres de Timor-Leste (AEMTL), em parceria com os Governos da Austr\u00e1lia e da Nova Zel\u00e2ndia. <\/p>\n\n\n\n<p>Esses pr\u00eamios celebram mulheres excepcionais que fizeram contribui\u00e7\u00f5es not\u00e1veis nas \u00e1reas de neg\u00f3cios e lideran\u00e7a, e tamb\u00e9m fornecem reconhecimento a indiv\u00edduos e institui\u00e7\u00f5es que se esfor\u00e7am para promover a igualdade de g\u00eanero, diversidade e inclus\u00e3o financeira. <\/p>\n\n\n\n<p>Juntas, vamos apoiar as mulheres timorenses em sua vis\u00e3o e lideran\u00e7a para moldar o futuro dos neg\u00f3cios em Timor-Leste! <\/p>\n","protected":false},"excerpt":{"rendered":"<p>O Pr\u00eamio Empreendedora de Timor-Leste \u00e9 uma iniciativa pioneira da International Finance Corporation (IFC) e da Associa\u00e7\u00e3o Empresarial das Mulheres de Timor-Leste (AEMTL), em parceria com os Governos da Austr\u00e1lia e da Nova Zel\u00e2ndia. Esses pr\u00eamios celebram mulheres excepcionais que fizeram contribui\u00e7\u00f5es not\u00e1veis nas \u00e1reas de neg\u00f3cios e lideran\u00e7a, e tamb\u00e9m fornecem reconhecimento a indiv\u00edduos [&hellip;]<\/p>\n","protected":false},"author":5,"featured_media":2022,"comment_status":"open","ping_status":"open","sticky":false,"template":"","format":"standard","meta":{"footnotes":""},"categories":[6],"tags":[],"class_list":["post-1999","post","type-post","status-publish","format-standard","has-post-thumbnail","hentry","category-news"],"_links":{"self":[{"href":"https:\/\/aemtl.org\/pt\/wp-json\/wp\/v2\/posts\/1999","targetHints":{"allow":["GET"]}}],"collection":[{"href":"https:\/\/aemtl.org\/pt\/wp-json\/wp\/v2\/posts"}],"about":[{"href":"https:\/\/aemtl.org\/pt\/wp-json\/wp\/v2\/types\/post"}],"author":[{"embeddable":true,"href":"https:\/\/aemtl.org\/pt\/wp-json\/wp\/v2\/users\/5"}],"replies":[{"embeddable":true,"href":"https:\/\/aemtl.org\/pt\/wp-json\/wp\/v2\/comments?post=1999"}],"version-history":[{"count":6,"href":"https:\/\/aemtl.org\/pt\/wp-json\/wp\/v2\/posts\/1999\/revisions"}],"predecessor-version":[{"id":2005,"href":"https:\/\/aemtl.org\/pt\/wp-json\/wp\/v2\/posts\/1999\/revisions\/2005"}],"wp:featuredmedia":[{"embeddable":true,"href":"https:\/\/aemtl.org\/pt\/wp-json\/wp\/v2\/media\/2022"}],"wp:attachment":[{"href":"https:\/\/aemtl.org\/pt\/wp-json\/wp\/v2\/media?parent=1999"}],"wp:term":[{"taxonomy":"category","embeddable":true,"href":"https:\/\/aemtl.org\/pt\/wp-json\/wp\/v2\/categories?post=1999"},{"taxonomy":"post_tag","embeddable":true,"href":"https:\/\/aemtl.org\/pt\/wp-json\/wp\/v2\/tags?post=1999"}],"curies":[{"name":"wp","href":"https:\/\/api.w.org\/{rel}","templated":true}]}}