{"id":2006,"date":"2025-07-16T03:05:26","date_gmt":"2025-07-16T03:05:26","guid":{"rendered":"https:\/\/aemtl.org\/?p=2006"},"modified":"2025-07-16T03:05:26","modified_gmt":"2025-07-16T03:05:26","slug":"the-timor-leste-business-womens-association-aemtl-together-with-the-international-finance-corporation-ifc-held-a-meeting-with-the-office-of-the-president-of-the-republic-to-discuss-the","status":"publish","type":"post","link":"https:\/\/aemtl.org\/pt\/the-timor-leste-business-womens-association-aemtl-together-with-the-international-finance-corporation-ifc-held-a-meeting-with-the-office-of-the-president-of-the-republic-to-discuss-the\/","title":{"rendered":"AEMTL assina acordo de colabora\u00e7\u00e3o com o MCAE"},"content":{"rendered":"\n<p>Quarta-feira, 11 de junho de 2025<\/p>\n\n\n\n<p>Presidente assina acordo de colabora\u00e7\u00e3o com o MCAE para fundos de subven\u00e7\u00e3o decorrentes de Transfer\u00eancia P\u00fablica com o objetivo de criar o Arts e o Gallery Center AEMTL e tamb\u00e9m para o Grupo de Artesanato Feminino.<\/p>\n\n\n\n<p> AEMTL prop\u00f5e uma estrutura Nacional para o Munic\u00edpio junto com as mulheres empreendedoras que se sentem satisfeitas e appr\u00e9ciam a iniciativa do MCAE que considera a AEMTL como Parceiro Principal em Assuntos Femininos na Participa\u00e7\u00e3o Empresarial.<\/p>\n","protected":false},"excerpt":{"rendered":"<p>Quarta-feira, 11 de junho de 2025 Presidente assina acordo de colabora\u00e7\u00e3o com o MCAE para fundos de subven\u00e7\u00e3o decorrentes de Transfer\u00eancia P\u00fablica com o objetivo de criar o Arts e o Gallery Center AEMTL e tamb\u00e9m para o Grupo de Artesanato Feminino. AEMTL prop\u00f5e uma estrutura Nacional para o Munic\u00edpio junto com as mulheres empreendedoras [&hellip;]<\/p>\n","protected":false},"author":5,"featured_media":2021,"comment_status":"open","ping_status":"open","sticky":false,"template":"","format":"standard","meta":{"footnotes":""},"categories":[6],"tags":[],"class_list":["post-2006","post","type-post","status-publish","format-standard","has-post-thumbnail","hentry","category-news"],"_links":{"self":[{"href":"https:\/\/aemtl.org\/pt\/wp-json\/wp\/v2\/posts\/2006","targetHints":{"allow":["GET"]}}],"collection":[{"href":"https:\/\/aemtl.org\/pt\/wp-json\/wp\/v2\/posts"}],"about":[{"href":"https:\/\/aemtl.org\/pt\/wp-json\/wp\/v2\/types\/post"}],"author":[{"embeddable":true,"href":"https:\/\/aemtl.org\/pt\/wp-json\/wp\/v2\/users\/5"}],"replies":[{"embeddable":true,"href":"https:\/\/aemtl.org\/pt\/wp-json\/wp\/v2\/comments?post=2006"}],"version-history":[{"count":3,"href":"https:\/\/aemtl.org\/pt\/wp-json\/wp\/v2\/posts\/2006\/revisions"}],"predecessor-version":[{"id":2010,"href":"https:\/\/aemtl.org\/pt\/wp-json\/wp\/v2\/posts\/2006\/revisions\/2010"}],"wp:featuredmedia":[{"embeddable":true,"href":"https:\/\/aemtl.org\/pt\/wp-json\/wp\/v2\/media\/2021"}],"wp:attachment":[{"href":"https:\/\/aemtl.org\/pt\/wp-json\/wp\/v2\/media?parent=2006"}],"wp:term":[{"taxonomy":"category","embeddable":true,"href":"https:\/\/aemtl.org\/pt\/wp-json\/wp\/v2\/categories?post=2006"},{"taxonomy":"post_tag","embeddable":true,"href":"https:\/\/aemtl.org\/pt\/wp-json\/wp\/v2\/tags?post=2006"}],"curies":[{"name":"wp","href":"https:\/\/api.w.org\/{rel}","templated":true}]}}