{"id":2011,"date":"2025-07-16T03:05:18","date_gmt":"2025-07-16T03:05:18","guid":{"rendered":"https:\/\/aemtl.org\/pt\/?p=2011"},"modified":"2025-07-16T03:05:18","modified_gmt":"2025-07-16T03:05:18","slug":"aemtl-assina-acordo-de-colaboracao-com-o-mcae","status":"publish","type":"post","link":"https:\/\/aemtl.org\/pt\/aemtl-assina-acordo-de-colaboracao-com-o-mcae\/","title":{"rendered":"Participaram do Workshop sobre Inova\u00e7\u00e3o e Diversifica\u00e7\u00e3o Econ\u00f4mica em Timor-Leste"},"content":{"rendered":"\n<p>Embaixada do Jap\u00e3o em Dili, 13 de junho de 2025<\/p>\n\n\n\n<p>Presidente da Associa\u00e7\u00e3o Empresarial das Mulheres de Timor-Leste (AEMTL) e Presidente Interina da AEMTL participaram do Workshop sobre Inova\u00e7\u00e3o e Diversifica\u00e7\u00e3o Econ\u00f4mica em Timor-Leste, organizado pela Embaixada do Jap\u00e3o em Timor-Leste e pelas Na\u00e7\u00f5es Unidas para o Desenvolvimento (UNDP).<\/p>\n\n\n\n<p> Neste workshop, a Presidente da AEMTL tamb\u00e9m participou como panelista na discuss\u00e3o do painel e falou sobre os servi\u00e7os da AEMTL que proporcionam empoderamento \u00e0s mulheres na \u00e1rea de neg\u00f3cios.<\/p>\n","protected":false},"excerpt":{"rendered":"<p>Embaixada do Jap\u00e3o em Dili, 13 de junho de 2025 Presidente da Associa\u00e7\u00e3o Empresarial das Mulheres de Timor-Leste (AEMTL) e Presidente Interina da AEMTL participaram do Workshop sobre Inova\u00e7\u00e3o e Diversifica\u00e7\u00e3o Econ\u00f4mica em Timor-Leste, organizado pela Embaixada do Jap\u00e3o em Timor-Leste e pelas Na\u00e7\u00f5es Unidas para o Desenvolvimento (UNDP). Neste workshop, a Presidente da AEMTL [&hellip;]<\/p>\n","protected":false},"author":5,"featured_media":2020,"comment_status":"open","ping_status":"open","sticky":false,"template":"","format":"standard","meta":{"footnotes":""},"categories":[6],"tags":[],"class_list":["post-2011","post","type-post","status-publish","format-standard","has-post-thumbnail","hentry","category-news"],"_links":{"self":[{"href":"https:\/\/aemtl.org\/pt\/wp-json\/wp\/v2\/posts\/2011","targetHints":{"allow":["GET"]}}],"collection":[{"href":"https:\/\/aemtl.org\/pt\/wp-json\/wp\/v2\/posts"}],"about":[{"href":"https:\/\/aemtl.org\/pt\/wp-json\/wp\/v2\/types\/post"}],"author":[{"embeddable":true,"href":"https:\/\/aemtl.org\/pt\/wp-json\/wp\/v2\/users\/5"}],"replies":[{"embeddable":true,"href":"https:\/\/aemtl.org\/pt\/wp-json\/wp\/v2\/comments?post=2011"}],"version-history":[{"count":5,"href":"https:\/\/aemtl.org\/pt\/wp-json\/wp\/v2\/posts\/2011\/revisions"}],"predecessor-version":[{"id":2016,"href":"https:\/\/aemtl.org\/pt\/wp-json\/wp\/v2\/posts\/2011\/revisions\/2016"}],"wp:featuredmedia":[{"embeddable":true,"href":"https:\/\/aemtl.org\/pt\/wp-json\/wp\/v2\/media\/2020"}],"wp:attachment":[{"href":"https:\/\/aemtl.org\/pt\/wp-json\/wp\/v2\/media?parent=2011"}],"wp:term":[{"taxonomy":"category","embeddable":true,"href":"https:\/\/aemtl.org\/pt\/wp-json\/wp\/v2\/categories?post=2011"},{"taxonomy":"post_tag","embeddable":true,"href":"https:\/\/aemtl.org\/pt\/wp-json\/wp\/v2\/tags?post=2011"}],"curies":[{"name":"wp","href":"https:\/\/api.w.org\/{rel}","templated":true}]}}