{"id":2028,"date":"2025-07-16T03:18:56","date_gmt":"2025-07-16T03:18:56","guid":{"rendered":"https:\/\/aemtl.org\/pt\/?p=2028"},"modified":"2025-07-16T03:18:56","modified_gmt":"2025-07-16T03:18:56","slug":"%f0%9d%9f%90%f0%9d%9f%91-%f0%9d%90%80%f0%9d%90%a7%f0%9d%90%a8%f0%9d%90%ac-%f0%9d%90%91%f0%9d%90%9e%f0%9d%90%ac%f0%9d%90%ad%f0%9d%90%9a%f0%9d%90%ae%f0%9d%90%ab%f0%9d%90%9aca%f0%9d%90%a8-%f0%9d%90%9d","status":"publish","type":"post","link":"https:\/\/aemtl.org\/pt\/%f0%9d%9f%90%f0%9d%9f%91-%f0%9d%90%80%f0%9d%90%a7%f0%9d%90%a8%f0%9d%90%ac-%f0%9d%90%91%f0%9d%90%9e%f0%9d%90%ac%f0%9d%90%ad%f0%9d%90%9a%f0%9d%90%ae%f0%9d%90%ab%f0%9d%90%9aca%f0%9d%90%a8-%f0%9d%90%9d\/","title":{"rendered":"Semin\u00e1rio Nacional com o t\u00f3pico: &#8220;Empoderamento Econ\u00f4mico das Mulheres \u2013 Valoriza\u00e7\u00e3o do Trabalho Dom\u00e9stico e Promo\u00e7\u00e3o da Pr\u00e1tica \u00c9tica no Emprego.&#8221;"},"content":{"rendered":"\n<p>Dili, Sexta-Feira, 13 de Junho de 2025<\/p>\n\n\n\n<p>Associa\u00e7\u00e3o Empresarial das Mulheres de Timor-Leste (AEMTL)Vice-Presidente de Empoderamento e Fortalecimento Institucional, Sra. Jacinta Abu Cau Perreira, atuou como oradora no Semin\u00e1rio Nacional com o t\u00f3pico:<\/p>\n\n\n\n<p>&#8220;Empoderamento Econ\u00f4mico das Mulheres \u2013 Valoriza\u00e7\u00e3o do Trabalho Dom\u00e9stico e Promo\u00e7\u00e3o da Pr\u00e1tica \u00c9tica no Emprego.&#8221;<\/p>\n\n\n\n<p>A participa\u00e7\u00e3o da AEMTL neste importante semin\u00e1rio reflete o compromisso de continuar fortalecendo a lideran\u00e7a das mulheres, valorizando suas contribui\u00e7\u00f5es no setor dom\u00e9stico e promovendo princ\u00edpios \u00e9ticos no mundo do trabalho.<\/p>\n\n\n\n<p>A AEMTL agradece o apoio dos parceiros que continuam a dar for\u00e7a ao empoderamento das mulheres em Timor-Leste.<\/p>\n","protected":false},"excerpt":{"rendered":"<p>Dili, Sexta-Feira, 13 de Junho de 2025 Associa\u00e7\u00e3o Empresarial das Mulheres de Timor-Leste (AEMTL)Vice-Presidente de Empoderamento e Fortalecimento Institucional, Sra. Jacinta Abu Cau Perreira, atuou como oradora no Semin\u00e1rio Nacional com o t\u00f3pico: &#8220;Empoderamento Econ\u00f4mico das Mulheres \u2013 Valoriza\u00e7\u00e3o do Trabalho Dom\u00e9stico e Promo\u00e7\u00e3o da Pr\u00e1tica \u00c9tica no Emprego.&#8221; A participa\u00e7\u00e3o da AEMTL neste importante [&hellip;]<\/p>\n","protected":false},"author":5,"featured_media":2032,"comment_status":"open","ping_status":"open","sticky":false,"template":"","format":"standard","meta":{"footnotes":""},"categories":[6],"tags":[],"class_list":["post-2028","post","type-post","status-publish","format-standard","has-post-thumbnail","hentry","category-news"],"_links":{"self":[{"href":"https:\/\/aemtl.org\/pt\/wp-json\/wp\/v2\/posts\/2028","targetHints":{"allow":["GET"]}}],"collection":[{"href":"https:\/\/aemtl.org\/pt\/wp-json\/wp\/v2\/posts"}],"about":[{"href":"https:\/\/aemtl.org\/pt\/wp-json\/wp\/v2\/types\/post"}],"author":[{"embeddable":true,"href":"https:\/\/aemtl.org\/pt\/wp-json\/wp\/v2\/users\/5"}],"replies":[{"embeddable":true,"href":"https:\/\/aemtl.org\/pt\/wp-json\/wp\/v2\/comments?post=2028"}],"version-history":[{"count":3,"href":"https:\/\/aemtl.org\/pt\/wp-json\/wp\/v2\/posts\/2028\/revisions"}],"predecessor-version":[{"id":2031,"href":"https:\/\/aemtl.org\/pt\/wp-json\/wp\/v2\/posts\/2028\/revisions\/2031"}],"wp:featuredmedia":[{"embeddable":true,"href":"https:\/\/aemtl.org\/pt\/wp-json\/wp\/v2\/media\/2032"}],"wp:attachment":[{"href":"https:\/\/aemtl.org\/pt\/wp-json\/wp\/v2\/media?parent=2028"}],"wp:term":[{"taxonomy":"category","embeddable":true,"href":"https:\/\/aemtl.org\/pt\/wp-json\/wp\/v2\/categories?post=2028"},{"taxonomy":"post_tag","embeddable":true,"href":"https:\/\/aemtl.org\/pt\/wp-json\/wp\/v2\/tags?post=2028"}],"curies":[{"name":"wp","href":"https:\/\/api.w.org\/{rel}","templated":true}]}}