{"id":2052,"date":"2025-07-16T04:01:28","date_gmt":"2025-07-16T04:01:28","guid":{"rendered":"https:\/\/aemtl.org\/tetun\/?p=2052"},"modified":"2025-07-16T04:01:28","modified_gmt":"2025-07-16T04:01:28","slug":"partisipa-iha-forum-nasional-kona-ba-aksesu-feto-sira-ba-finanse-resiliente-ba-klima-no-teknolojia-baixo-karbone-neebe-organiza-husi-un-women-timor-leste","status":"publish","type":"post","link":"https:\/\/aemtl.org\/pt\/partisipa-iha-forum-nasional-kona-ba-aksesu-feto-sira-ba-finanse-resiliente-ba-klima-no-teknolojia-baixo-karbone-neebe-organiza-husi-un-women-timor-leste\/","title":{"rendered":"Confer\u00eancia de Imprensa \u2013 Lan\u00e7amento dos Pr\u00e9mios Mulheres Empreendedoras de Timor-Leste 2025"},"content":{"rendered":"\n<p>Sexta-feira, 11 de julho de 2025 | Pal\u00e1cio Presidencial, Aitarak Laran, D\u00edli<\/p>\n\n\n\n<p>O Pr\u00e9mio Mulheres Empreendedoras de Timor-Leste 2025 foi lan\u00e7ado por Sua Excel\u00eancia, Presidente da RDTL, Dr. Jos\u00e9 Ramos-Horta.<\/p>\n\n\n\n<p>A International Finance Corporation (IFC) e a Associa\u00e7\u00e3o Empresarial das Mulheres de Timor-Leste (AEMTL), em parceria com os Governos da Austr\u00e1lia e da Nova Zel\u00e2ndia, t\u00eam a honra de organizar o Pr\u00e9mio Mulheres Empreendedoras de Timor-Leste 2025, sob o patroc\u00ednio do Presidente da Rep\u00fablica Democr\u00e1tica de Timor-Leste.<\/p>\n\n\n\n<p>Este pr\u00e9mio visa reconhecer mulheres que demonstram excel\u00eancia nas suas carreiras, neg\u00f3cios e iniciativas empreendedoras, servindo como modelos e inspira\u00e7\u00e3o para outras.<\/p>\n\n\n\n<p>Reconhecer e encorajar os esfor\u00e7os de l\u00edderes do setor p\u00fablico, privado e da sociedade civil que contribuem para a promo\u00e7\u00e3o da igualdade de g\u00e9nero, diversidade, boa governa\u00e7\u00e3o e inclus\u00e3o financeira.<\/p>\n\n\n\n<p>Reconhecer iniciativas institucionais e individuais que promovem e integram a diversidade e a inclus\u00e3o financeira das mulheres atrav\u00e9s de projetos, pol\u00edticas e pr\u00e1ticas inovadoras.<\/p>\n","protected":false},"excerpt":{"rendered":"<p>Sexta-feira, 11 de julho de 2025 | Pal\u00e1cio Presidencial, Aitarak Laran, D\u00edli O Pr\u00e9mio Mulheres Empreendedoras de Timor-Leste 2025 foi lan\u00e7ado por Sua Excel\u00eancia, Presidente da RDTL, Dr. Jos\u00e9 Ramos-Horta. A International Finance Corporation (IFC) e a Associa\u00e7\u00e3o Empresarial das Mulheres de Timor-Leste (AEMTL), em parceria com os Governos da Austr\u00e1lia e da Nova Zel\u00e2ndia, [&hellip;]<\/p>\n","protected":false},"author":5,"featured_media":2056,"comment_status":"open","ping_status":"open","sticky":false,"template":"","format":"standard","meta":{"footnotes":""},"categories":[6],"tags":[],"class_list":["post-2052","post","type-post","status-publish","format-standard","has-post-thumbnail","hentry","category-news"],"_links":{"self":[{"href":"https:\/\/aemtl.org\/pt\/wp-json\/wp\/v2\/posts\/2052","targetHints":{"allow":["GET"]}}],"collection":[{"href":"https:\/\/aemtl.org\/pt\/wp-json\/wp\/v2\/posts"}],"about":[{"href":"https:\/\/aemtl.org\/pt\/wp-json\/wp\/v2\/types\/post"}],"author":[{"embeddable":true,"href":"https:\/\/aemtl.org\/pt\/wp-json\/wp\/v2\/users\/5"}],"replies":[{"embeddable":true,"href":"https:\/\/aemtl.org\/pt\/wp-json\/wp\/v2\/comments?post=2052"}],"version-history":[{"count":3,"href":"https:\/\/aemtl.org\/pt\/wp-json\/wp\/v2\/posts\/2052\/revisions"}],"predecessor-version":[{"id":2055,"href":"https:\/\/aemtl.org\/pt\/wp-json\/wp\/v2\/posts\/2052\/revisions\/2055"}],"wp:featuredmedia":[{"embeddable":true,"href":"https:\/\/aemtl.org\/pt\/wp-json\/wp\/v2\/media\/2056"}],"wp:attachment":[{"href":"https:\/\/aemtl.org\/pt\/wp-json\/wp\/v2\/media?parent=2052"}],"wp:term":[{"taxonomy":"category","embeddable":true,"href":"https:\/\/aemtl.org\/pt\/wp-json\/wp\/v2\/categories?post=2052"},{"taxonomy":"post_tag","embeddable":true,"href":"https:\/\/aemtl.org\/pt\/wp-json\/wp\/v2\/tags?post=2052"}],"curies":[{"name":"wp","href":"https:\/\/api.w.org\/{rel}","templated":true}]}}