{"id":2071,"date":"2025-08-13T03:17:28","date_gmt":"2025-08-13T03:17:28","guid":{"rendered":"https:\/\/aemtl.org\/pt\/?p=2071"},"modified":"2025-08-13T03:17:28","modified_gmt":"2025-08-13T03:17:28","slug":"conferencia-de-imprensa-lancamento-dos-premios-mulheres-empreendedoras-de-timor-leste-2025","status":"publish","type":"post","link":"https:\/\/aemtl.org\/pt\/conferencia-de-imprensa-lancamento-dos-premios-mulheres-empreendedoras-de-timor-leste-2025\/","title":{"rendered":"Workshop Regional da ASEAN sobre Cria\u00e7\u00e3o e Formaliza\u00e7\u00e3o de Empregos."},"content":{"rendered":"\n<p>Luangprabang, Lao PDR, 23\u201324 Julho 2025<\/p>\n\n\n\n<p>O objetivo \u00e9 discutir a conex\u00e3o entre investimento, com\u00e9rcio e pol\u00edticas industriais com regulamentos para pol\u00edticas de trabalho e emprego, a fim de maximizar o impacto positivo que beneficia as PME locais atrav\u00e9s de investimento direto, tanto dom\u00e9stico quanto estrangeiro, incluindo promo\u00e7\u00e3o do emprego, transfer\u00eancia de recursos e conhecimento. <\/p>\n\n\n\n<p>A participa\u00e7\u00e3o da Vice-Presidente de Assuntos de Empoderamento e Fortalecimento Institucional da AEMTL, Sra. Jacinta Abu Cau Pereira, ocorreu durante dois dias como observadora. <\/p>\n\n\n\n<p>No semin\u00e1rio, os participantes receberam informa\u00e7\u00f5es e compartilharam experi\u00eancias pr\u00e1ticas de pa\u00edses membros da ASEAN, como Laos, Tail\u00e2ndia, Filipinas, Indon\u00e9sia e do escrit\u00f3rio t\u00e9cnico da OIT atrav\u00e9s de uma plataforma online. <\/p>\n\n\n\n<p>Nossa participa\u00e7\u00e3o terminou com envolvimento em grupos de discuss\u00e3o (trabalho em grupo) e elabora\u00e7\u00e3o de um plano de a\u00e7\u00f5es para atividades futuras.<\/p>\n\n\n\n<p> <\/p>\n","protected":false},"excerpt":{"rendered":"<p>Luangprabang, Lao PDR, 23\u201324 Julho 2025 O objetivo \u00e9 discutir a conex\u00e3o entre investimento, com\u00e9rcio e pol\u00edticas industriais com regulamentos para pol\u00edticas de trabalho e emprego, a fim de maximizar o impacto positivo que beneficia as PME locais atrav\u00e9s de investimento direto, tanto dom\u00e9stico quanto estrangeiro, incluindo promo\u00e7\u00e3o do emprego, transfer\u00eancia de recursos e conhecimento. [&hellip;]<\/p>\n","protected":false},"author":5,"featured_media":2081,"comment_status":"open","ping_status":"open","sticky":false,"template":"","format":"standard","meta":{"footnotes":""},"categories":[6],"tags":[],"class_list":["post-2071","post","type-post","status-publish","format-standard","has-post-thumbnail","hentry","category-news"],"_links":{"self":[{"href":"https:\/\/aemtl.org\/pt\/wp-json\/wp\/v2\/posts\/2071","targetHints":{"allow":["GET"]}}],"collection":[{"href":"https:\/\/aemtl.org\/pt\/wp-json\/wp\/v2\/posts"}],"about":[{"href":"https:\/\/aemtl.org\/pt\/wp-json\/wp\/v2\/types\/post"}],"author":[{"embeddable":true,"href":"https:\/\/aemtl.org\/pt\/wp-json\/wp\/v2\/users\/5"}],"replies":[{"embeddable":true,"href":"https:\/\/aemtl.org\/pt\/wp-json\/wp\/v2\/comments?post=2071"}],"version-history":[{"count":7,"href":"https:\/\/aemtl.org\/pt\/wp-json\/wp\/v2\/posts\/2071\/revisions"}],"predecessor-version":[{"id":2084,"href":"https:\/\/aemtl.org\/pt\/wp-json\/wp\/v2\/posts\/2071\/revisions\/2084"}],"wp:featuredmedia":[{"embeddable":true,"href":"https:\/\/aemtl.org\/pt\/wp-json\/wp\/v2\/media\/2081"}],"wp:attachment":[{"href":"https:\/\/aemtl.org\/pt\/wp-json\/wp\/v2\/media?parent=2071"}],"wp:term":[{"taxonomy":"category","embeddable":true,"href":"https:\/\/aemtl.org\/pt\/wp-json\/wp\/v2\/categories?post=2071"},{"taxonomy":"post_tag","embeddable":true,"href":"https:\/\/aemtl.org\/pt\/wp-json\/wp\/v2\/tags?post=2071"}],"curies":[{"name":"wp","href":"https:\/\/api.w.org\/{rel}","templated":true}]}}