{"id":2079,"date":"2025-08-13T03:17:35","date_gmt":"2025-08-13T03:17:35","guid":{"rendered":"https:\/\/aemtl.org\/pt\/?p=2079"},"modified":"2025-08-13T03:20:09","modified_gmt":"2025-08-13T03:20:09","slug":"divulgacao-dos-resultados-do-vi-6-congresso-nacional-das-mulheres-no-municipio-de-liquica","status":"publish","type":"post","link":"https:\/\/aemtl.org\/pt\/divulgacao-dos-resultados-do-vi-6-congresso-nacional-das-mulheres-no-municipio-de-liquica\/","title":{"rendered":"DIVULGA\u00c7\u00c3O DOS RESULTADOS DO VI (6) CONGRESSO NACIONAL DAS MULHERES  NO MUNIC\u00cdPIO DE LIQUI\u00c7\u00c1"},"content":{"rendered":"\n<p>Liqui\u00e7\u00e1, 17 de julho de 2025 \u2013 A Associa\u00e7\u00e3o Empresarial das Mulheres de Timor-Leste (AEMTL), como membro ativo da Rede Feto, assumiu a lideran\u00e7a na realiza\u00e7\u00e3o da atividade de divulga\u00e7\u00e3o dos resultados do Congresso Nacional das Mulheres BADALA VI (NEN) no Munic\u00edpio de Liqui\u00e7\u00e1. A atividade foi liderada diretamente pela Sra. Jacinta Abu Cau Pereira, Vice-Presidente da AEMTL para Assuntos de Empoderamento e Fortalecimento Institucional.<\/p>\n\n\n\n<p>A divulga\u00e7\u00e3o iniciou-se com a abertura e um breve discurso da Sra. Zelia Fernandes, Presidente do Conselho Diretivo da Rede Feto Timor-Leste, e do representante da Secretaria Municipal de Liqui\u00e7\u00e1 para Assuntos Sociais, Sr. Jo\u00e3ojito.<\/p>\n\n\n\n<p>A apresenta\u00e7\u00e3o prosseguiu com a contribui\u00e7\u00e3o da equipa composta por:<\/p>\n\n\n\n<ul class=\"wp-block-list\">\n<li>Sra. Mize, Diretora Executiva da Rede Feto<\/li>\n\n\n\n<li>Sra. Maria da Costa, representante da AMEPTL (Associa\u00e7\u00e3o das Mulheres Ex-Parlamentares de Timor-Leste)<\/li>\n\n\n\n<li>Sra. Jacinta A. Pereira, representante da AEMTL<\/li>\n<\/ul>\n\n\n\n<p><strong>\u00c1reas Priorit\u00e1rias da Divulga\u00e7\u00e3o<\/strong><br>A informa\u00e7\u00e3o apresentada baseou-se nos resultados das discuss\u00f5es de 8 temas no Congresso Nacional das Mulheres BADALA VI:<\/p>\n\n\n\n<ol class=\"wp-block-list\">\n<li>Mulheres e Justi\u00e7a<\/li>\n\n\n\n<li>Educa\u00e7\u00e3o de Qualidade para Todos<\/li>\n\n\n\n<li>Sa\u00fade da Mulher e da Fam\u00edlia<\/li>\n\n\n\n<li>Mulheres, Economia e Emprego<\/li>\n\n\n\n<li>Participa\u00e7\u00e3o das Mulheres na Vida Pol\u00edtica e P\u00fablica<\/li>\n\n\n\n<li>Inclus\u00e3o Social<\/li>\n\n\n\n<li>Mulheres, Ambiente e Mudan\u00e7a Clim\u00e1tica<\/li>\n\n\n\n<li>Pol\u00edtica de Abordagem Integrada de G\u00e9nero<\/li>\n<\/ol>\n\n\n\n<p><strong>Talk Show na R\u00e1dio<\/strong><br>Por fim, a equipa realizou um talk show no est\u00fadio da R\u00e1dio Tokodede Liqui\u00e7\u00e1 para continuar a partilhar informa\u00e7\u00f5es com as comunidades que n\u00e3o tiveram oportunidade de participar. O talk show foi moderado pelo respons\u00e1vel da R\u00e1dio Tokodede, tendo como principais oradoras:<\/p>\n\n\n\n<p>Sra. Jacinta, como facilitadora.<\/p>\n\n\n\n<p>Sra. F\u00e1tima, representante do Governo (SEI)<\/p>\n","protected":false},"excerpt":{"rendered":"<p>Liqui\u00e7\u00e1, 17 de julho de 2025 \u2013 A Associa\u00e7\u00e3o Empresarial das Mulheres de Timor-Leste (AEMTL), como membro ativo da Rede Feto, assumiu a lideran\u00e7a na realiza\u00e7\u00e3o da atividade de divulga\u00e7\u00e3o dos resultados do Congresso Nacional das Mulheres BADALA VI (NEN) no Munic\u00edpio de Liqui\u00e7\u00e1. A atividade foi liderada diretamente pela Sra. Jacinta Abu Cau Pereira, [&hellip;]<\/p>\n","protected":false},"author":5,"featured_media":2080,"comment_status":"open","ping_status":"open","sticky":false,"template":"","format":"standard","meta":{"footnotes":""},"categories":[6],"tags":[],"class_list":["post-2079","post","type-post","status-publish","format-standard","has-post-thumbnail","hentry","category-news"],"_links":{"self":[{"href":"https:\/\/aemtl.org\/pt\/wp-json\/wp\/v2\/posts\/2079","targetHints":{"allow":["GET"]}}],"collection":[{"href":"https:\/\/aemtl.org\/pt\/wp-json\/wp\/v2\/posts"}],"about":[{"href":"https:\/\/aemtl.org\/pt\/wp-json\/wp\/v2\/types\/post"}],"author":[{"embeddable":true,"href":"https:\/\/aemtl.org\/pt\/wp-json\/wp\/v2\/users\/5"}],"replies":[{"embeddable":true,"href":"https:\/\/aemtl.org\/pt\/wp-json\/wp\/v2\/comments?post=2079"}],"version-history":[{"count":1,"href":"https:\/\/aemtl.org\/pt\/wp-json\/wp\/v2\/posts\/2079\/revisions"}],"predecessor-version":[{"id":2100,"href":"https:\/\/aemtl.org\/pt\/wp-json\/wp\/v2\/posts\/2079\/revisions\/2100"}],"wp:featuredmedia":[{"embeddable":true,"href":"https:\/\/aemtl.org\/pt\/wp-json\/wp\/v2\/media\/2080"}],"wp:attachment":[{"href":"https:\/\/aemtl.org\/pt\/wp-json\/wp\/v2\/media?parent=2079"}],"wp:term":[{"taxonomy":"category","embeddable":true,"href":"https:\/\/aemtl.org\/pt\/wp-json\/wp\/v2\/categories?post=2079"},{"taxonomy":"post_tag","embeddable":true,"href":"https:\/\/aemtl.org\/pt\/wp-json\/wp\/v2\/tags?post=2079"}],"curies":[{"name":"wp","href":"https:\/\/api.w.org\/{rel}","templated":true}]}}