{"id":2085,"date":"2025-08-13T03:17:21","date_gmt":"2025-08-13T03:17:21","guid":{"rendered":"https:\/\/aemtl.org\/tetun\/?p=2085"},"modified":"2025-08-13T03:17:21","modified_gmt":"2025-08-13T03:17:21","slug":"workshop-rejional-asean-kona-ba-kriasaun-no-formalizasaun-empregu","status":"publish","type":"post","link":"https:\/\/aemtl.org\/pt\/workshop-rejional-asean-kona-ba-kriasaun-no-formalizasaun-empregu\/","title":{"rendered":"Semin\u00e1rio sobre o conceito do banco nacional de desenvolvimento de timor-leste, como passo decisivo na constru\u00e7\u00e3o de uma economia forte, inclusiva e diversificada"},"content":{"rendered":"\n<p>D\u00edli, 1 de agosto de 2025  <\/p>\n\n\n\n<p>A Presidente da Associa\u00e7\u00e3o Empresarial das Mulheres de Timor-Leste, Sra. Hergui Luina F. Alves, e a P.I. Sra. Sandra F. Alves do Rego, participaram no semin\u00e1rio sobre o conceito do Banco Nacional de Desenvolvimento de Timor-Leste, realizado na Sala de Audit\u00f3rio do Minist\u00e9rio das Finan\u00e7as, Ai-Tarak Laran, D\u00edli.<\/p>\n\n\n\n<p>O semin\u00e1rio teve como objetivo promover uma reflex\u00e3o t\u00e9cnica e institucional sobre a cria\u00e7\u00e3o e operacionaliza\u00e7\u00e3o do Banco Nacional de Desenvolvimento de Timor-Leste (BNDTL), instrumento estrat\u00e9gico j\u00e1 previsto no Programa do IX Governo Constitucional, referido expressamente na sua Lei Org\u00e2nica como uma iniciativa estruturante para o desenvolvimento econ\u00f3mico sustent\u00e1vel e inclusivo em Timor-Leste.<br><br>O Primeiro-Ministro da RDTL, Kay Rala Xanana Gusm\u00e3o, abriu este importante semin\u00e1rio sobre o conceito do Banco Nacional de Desenvolvimento. Ele considerou que a cria\u00e7\u00e3o do Banco Nacional de Desenvolvimento \u00e9 um passo decisivo (ou um marco importante) na constru\u00e7\u00e3o de uma economia forte, inclusiva e diversificada em Timor-Leste.<\/p>\n\n\n\n<p><\/p>\n","protected":false},"excerpt":{"rendered":"<p>D\u00edli, 1 de agosto de 2025 A Presidente da Associa\u00e7\u00e3o Empresarial das Mulheres de Timor-Leste, Sra. Hergui Luina F. Alves, e a P.I. Sra. Sandra F. Alves do Rego, participaram no semin\u00e1rio sobre o conceito do Banco Nacional de Desenvolvimento de Timor-Leste, realizado na Sala de Audit\u00f3rio do Minist\u00e9rio das Finan\u00e7as, Ai-Tarak Laran, D\u00edli. O [&hellip;]<\/p>\n","protected":false},"author":5,"featured_media":2092,"comment_status":"open","ping_status":"open","sticky":false,"template":"","format":"standard","meta":{"footnotes":""},"categories":[6],"tags":[],"class_list":["post-2085","post","type-post","status-publish","format-standard","has-post-thumbnail","hentry","category-news"],"_links":{"self":[{"href":"https:\/\/aemtl.org\/pt\/wp-json\/wp\/v2\/posts\/2085","targetHints":{"allow":["GET"]}}],"collection":[{"href":"https:\/\/aemtl.org\/pt\/wp-json\/wp\/v2\/posts"}],"about":[{"href":"https:\/\/aemtl.org\/pt\/wp-json\/wp\/v2\/types\/post"}],"author":[{"embeddable":true,"href":"https:\/\/aemtl.org\/pt\/wp-json\/wp\/v2\/users\/5"}],"replies":[{"embeddable":true,"href":"https:\/\/aemtl.org\/pt\/wp-json\/wp\/v2\/comments?post=2085"}],"version-history":[{"count":6,"href":"https:\/\/aemtl.org\/pt\/wp-json\/wp\/v2\/posts\/2085\/revisions"}],"predecessor-version":[{"id":2091,"href":"https:\/\/aemtl.org\/pt\/wp-json\/wp\/v2\/posts\/2085\/revisions\/2091"}],"wp:featuredmedia":[{"embeddable":true,"href":"https:\/\/aemtl.org\/pt\/wp-json\/wp\/v2\/media\/2092"}],"wp:attachment":[{"href":"https:\/\/aemtl.org\/pt\/wp-json\/wp\/v2\/media?parent=2085"}],"wp:term":[{"taxonomy":"category","embeddable":true,"href":"https:\/\/aemtl.org\/pt\/wp-json\/wp\/v2\/categories?post=2085"},{"taxonomy":"post_tag","embeddable":true,"href":"https:\/\/aemtl.org\/pt\/wp-json\/wp\/v2\/tags?post=2085"}],"curies":[{"name":"wp","href":"https:\/\/api.w.org\/{rel}","templated":true}]}}