{"id":506,"date":"2025-02-03T06:45:20","date_gmt":"2025-02-03T06:45:20","guid":{"rendered":"https:\/\/aemtl.org\/?p=506"},"modified":"2025-02-08T19:46:34","modified_gmt":"2025-02-08T19:46:34","slug":"asean-women-entrepreneurs-network-awen","status":"publish","type":"post","link":"https:\/\/aemtl.org\/pt\/asean-women-entrepreneurs-network-awen\/","title":{"rendered":"REDE DE MULHERES EMPREENDEDORAS DA ASEAN (AWEN)"},"content":{"rendered":"\n<p>Entre 4 e 6 de novembro de 2024, a AEMTL, representada pela Vice-Presidente para o Turismo, Sra. Ana Paula Torres Godinho, e pela Secret\u00e1ria, Sra. Frederica Rosa, participar\u00e1 na \u201cRede de Mulheres Empreendedoras da ASEAN (AWEN)\u201d.<\/p>\n\n\n\n<p><br>O evento incluir\u00e1 um Workshop de Reflex\u00e3o sobre Planeamento Estrat\u00e9gico, realizado de 4 a 6 de novembro.<\/p>\n\n\n\n<p><\/p>\n","protected":false},"excerpt":{"rendered":"<p>Entre 4 e 6 de novembro de 2024, a AEMTL, representada pela Vice-Presidente para o Turismo, Sra. Ana Paula Torres Godinho, e pela Secret\u00e1ria, Sra. Frederica Rosa, participar\u00e1 na \u201cRede de Mulheres Empreendedoras da ASEAN (AWEN)\u201d. O evento incluir\u00e1 um Workshop de Reflex\u00e3o sobre Planeamento Estrat\u00e9gico, realizado de 4 a 6 de novembro.<\/p>\n","protected":false},"author":2,"featured_media":483,"comment_status":"open","ping_status":"open","sticky":false,"template":"","format":"standard","meta":{"footnotes":""},"categories":[6],"tags":[],"class_list":["post-506","post","type-post","status-publish","format-standard","has-post-thumbnail","hentry","category-news"],"_links":{"self":[{"href":"https:\/\/aemtl.org\/pt\/wp-json\/wp\/v2\/posts\/506","targetHints":{"allow":["GET"]}}],"collection":[{"href":"https:\/\/aemtl.org\/pt\/wp-json\/wp\/v2\/posts"}],"about":[{"href":"https:\/\/aemtl.org\/pt\/wp-json\/wp\/v2\/types\/post"}],"author":[{"embeddable":true,"href":"https:\/\/aemtl.org\/pt\/wp-json\/wp\/v2\/users\/2"}],"replies":[{"embeddable":true,"href":"https:\/\/aemtl.org\/pt\/wp-json\/wp\/v2\/comments?post=506"}],"version-history":[{"count":3,"href":"https:\/\/aemtl.org\/pt\/wp-json\/wp\/v2\/posts\/506\/revisions"}],"predecessor-version":[{"id":1341,"href":"https:\/\/aemtl.org\/pt\/wp-json\/wp\/v2\/posts\/506\/revisions\/1341"}],"wp:featuredmedia":[{"embeddable":true,"href":"https:\/\/aemtl.org\/pt\/wp-json\/wp\/v2\/media\/483"}],"wp:attachment":[{"href":"https:\/\/aemtl.org\/pt\/wp-json\/wp\/v2\/media?parent=506"}],"wp:term":[{"taxonomy":"category","embeddable":true,"href":"https:\/\/aemtl.org\/pt\/wp-json\/wp\/v2\/categories?post=506"},{"taxonomy":"post_tag","embeddable":true,"href":"https:\/\/aemtl.org\/pt\/wp-json\/wp\/v2\/tags?post=506"}],"curies":[{"name":"wp","href":"https:\/\/api.w.org\/{rel}","templated":true}]}}