{"id":519,"date":"2025-02-03T06:59:24","date_gmt":"2025-02-03T06:59:24","guid":{"rendered":"https:\/\/aemtl.org\/?p=519"},"modified":"2025-02-08T19:46:09","modified_gmt":"2025-02-08T19:46:09","slug":"workshop-to-strengthen-business-3","status":"publish","type":"post","link":"https:\/\/aemtl.org\/pt\/workshop-to-strengthen-business-3\/","title":{"rendered":"WORKSHOP PARA FORTALECER NEG\u00d3CIOS NA \u00c1REA DE SERVI\u00c7OS"},"content":{"rendered":"\n<p>A AEMTL realizou um workshop para jovens empreendedoras e participantes do IDEIAS-D\u00edli Inovar, com o tema Neg\u00f3cios na \u00c1rea de Servi\u00e7os, destinado a jovens mulheres que participaram no concurso \u201cIdeias-D\u00edli Inovar\u201d. A atividade integra a Forma\u00e7\u00e3o em Empreendedorismo da AEMTL, no m\u00f3dulo \u201cGet Ahead\u201d.<\/p>\n\n\n\n<p><br>O objetivo foi inspirar e motivar as jovens a adquirir novos conhecimentos e experi\u00eancias na cria\u00e7\u00e3o de neg\u00f3cios, com a oradora Ana Paula Torres Goudinho.<\/p>\n\n\n\n<p><br>A sess\u00e3o foi aberta pela Presidente Interina da AEMTL, Sra. Maria F\u00e1tima I.C.C Belo, e contou com a presen\u00e7a de um representante da UCCLA em Timor-Leste e do Conselho Executivo da AEMTL.<\/p>\n\n\n\n<p><br>Esta atividade \u00e9 desenvolvida atrav\u00e9s do Projeto de Parceria para o Refor\u00e7o da Governa\u00e7\u00e3o Urbana, Inclus\u00e3o Social e Promo\u00e7\u00e3o do Empreendedorismo em D\u00edli, financiado pela UNI\u00c3O EUROPEIA, em colabora\u00e7\u00e3o com UCCLA, AMD, CMLisboa e AEMTL.<\/p>\n","protected":false},"excerpt":{"rendered":"<p>A AEMTL realizou um workshop para jovens empreendedoras e participantes do IDEIAS-D\u00edli Inovar, com o tema Neg\u00f3cios na \u00c1rea de Servi\u00e7os, destinado a jovens mulheres que participaram no concurso \u201cIdeias-D\u00edli Inovar\u201d. A atividade integra a Forma\u00e7\u00e3o em Empreendedorismo da AEMTL, no m\u00f3dulo \u201cGet Ahead\u201d. O objetivo foi inspirar e motivar as jovens a adquirir novos [&hellip;]<\/p>\n","protected":false},"author":2,"featured_media":486,"comment_status":"open","ping_status":"open","sticky":false,"template":"","format":"standard","meta":{"footnotes":""},"categories":[6],"tags":[],"class_list":["post-519","post","type-post","status-publish","format-standard","has-post-thumbnail","hentry","category-news"],"_links":{"self":[{"href":"https:\/\/aemtl.org\/pt\/wp-json\/wp\/v2\/posts\/519","targetHints":{"allow":["GET"]}}],"collection":[{"href":"https:\/\/aemtl.org\/pt\/wp-json\/wp\/v2\/posts"}],"about":[{"href":"https:\/\/aemtl.org\/pt\/wp-json\/wp\/v2\/types\/post"}],"author":[{"embeddable":true,"href":"https:\/\/aemtl.org\/pt\/wp-json\/wp\/v2\/users\/2"}],"replies":[{"embeddable":true,"href":"https:\/\/aemtl.org\/pt\/wp-json\/wp\/v2\/comments?post=519"}],"version-history":[{"count":3,"href":"https:\/\/aemtl.org\/pt\/wp-json\/wp\/v2\/posts\/519\/revisions"}],"predecessor-version":[{"id":1340,"href":"https:\/\/aemtl.org\/pt\/wp-json\/wp\/v2\/posts\/519\/revisions\/1340"}],"wp:featuredmedia":[{"embeddable":true,"href":"https:\/\/aemtl.org\/pt\/wp-json\/wp\/v2\/media\/486"}],"wp:attachment":[{"href":"https:\/\/aemtl.org\/pt\/wp-json\/wp\/v2\/media?parent=519"}],"wp:term":[{"taxonomy":"category","embeddable":true,"href":"https:\/\/aemtl.org\/pt\/wp-json\/wp\/v2\/categories?post=519"},{"taxonomy":"post_tag","embeddable":true,"href":"https:\/\/aemtl.org\/pt\/wp-json\/wp\/v2\/tags?post=519"}],"curies":[{"name":"wp","href":"https:\/\/api.w.org\/{rel}","templated":true}]}}