{"id":521,"date":"2025-02-03T07:00:18","date_gmt":"2025-02-03T07:00:18","guid":{"rendered":"https:\/\/aemtl.org\/?p=521"},"modified":"2025-02-08T19:45:31","modified_gmt":"2025-02-08T19:45:31","slug":"aemtl-leadership-meets-with-ifc-official","status":"publish","type":"post","link":"https:\/\/aemtl.org\/pt\/aemtl-leadership-meets-with-ifc-official\/","title":{"rendered":"LIDERAN\u00c7A DA AEMTL RE\u00daNE COM REPRESENTANTE DA IFC"},"content":{"rendered":"\n<p>Sexta-feira, 2 de fevereiro de 2024 <\/p>\n\n\n\n<p>A Presidente da AEMTL, Hergui Luina Fernandes Alves, e a Vice-Presidente para Assuntos da Ind\u00fastria Criativa e Neg\u00f3cios Sociais, Sandra Felisbela A. do R\u00eago, reuniram-se com representantes da IFC, incluindo o Diretor Nacional da IFC, Sr. David Friedman, e as consultoras Sra. Sonal Akhaury e Sra. Sarina Bolla.<br>O objetivo foi discutir planos para a organiza\u00e7\u00e3o do pr\u00e9mio anual de empreendedorismo feminino e realizar uma avalia\u00e7\u00e3o de necessidades das PME associadas, antes da implementa\u00e7\u00e3o de forma\u00e7\u00f5es e apoio ao acesso a capital.<\/p>\n\n\n\n<p><\/p>\n","protected":false},"excerpt":{"rendered":"<p>Sexta-feira, 2 de fevereiro de 2024 A Presidente da AEMTL, Hergui Luina Fernandes Alves, e a Vice-Presidente para Assuntos da Ind\u00fastria Criativa e Neg\u00f3cios Sociais, Sandra Felisbela A. do R\u00eago, reuniram-se com representantes da IFC, incluindo o Diretor Nacional da IFC, Sr. David Friedman, e as consultoras Sra. Sonal Akhaury e Sra. Sarina Bolla.O objetivo [&hellip;]<\/p>\n","protected":false},"author":2,"featured_media":489,"comment_status":"open","ping_status":"open","sticky":false,"template":"","format":"standard","meta":{"footnotes":""},"categories":[6],"tags":[],"class_list":["post-521","post","type-post","status-publish","format-standard","has-post-thumbnail","hentry","category-news"],"_links":{"self":[{"href":"https:\/\/aemtl.org\/pt\/wp-json\/wp\/v2\/posts\/521","targetHints":{"allow":["GET"]}}],"collection":[{"href":"https:\/\/aemtl.org\/pt\/wp-json\/wp\/v2\/posts"}],"about":[{"href":"https:\/\/aemtl.org\/pt\/wp-json\/wp\/v2\/types\/post"}],"author":[{"embeddable":true,"href":"https:\/\/aemtl.org\/pt\/wp-json\/wp\/v2\/users\/2"}],"replies":[{"embeddable":true,"href":"https:\/\/aemtl.org\/pt\/wp-json\/wp\/v2\/comments?post=521"}],"version-history":[{"count":3,"href":"https:\/\/aemtl.org\/pt\/wp-json\/wp\/v2\/posts\/521\/revisions"}],"predecessor-version":[{"id":1339,"href":"https:\/\/aemtl.org\/pt\/wp-json\/wp\/v2\/posts\/521\/revisions\/1339"}],"wp:featuredmedia":[{"embeddable":true,"href":"https:\/\/aemtl.org\/pt\/wp-json\/wp\/v2\/media\/489"}],"wp:attachment":[{"href":"https:\/\/aemtl.org\/pt\/wp-json\/wp\/v2\/media?parent=521"}],"wp:term":[{"taxonomy":"category","embeddable":true,"href":"https:\/\/aemtl.org\/pt\/wp-json\/wp\/v2\/categories?post=521"},{"taxonomy":"post_tag","embeddable":true,"href":"https:\/\/aemtl.org\/pt\/wp-json\/wp\/v2\/tags?post=521"}],"curies":[{"name":"wp","href":"https:\/\/api.w.org\/{rel}","templated":true}]}}