{"id":527,"date":"2025-02-03T07:11:52","date_gmt":"2025-02-03T07:11:52","guid":{"rendered":"https:\/\/aemtl.org\/?p=527"},"modified":"2025-02-08T19:44:51","modified_gmt":"2025-02-08T19:44:51","slug":"first-training-for-the-ideia-dili-inovar-project","status":"publish","type":"post","link":"https:\/\/aemtl.org\/pt\/first-training-for-the-ideia-dili-inovar-project\/","title":{"rendered":"PRIMEIRA FORMA\u00c7\u00c3O DO PROJETO IDEIAS-D\u00cdLI INOVAR"},"content":{"rendered":"\n<p>D\u00edli, ter\u00e7a-feira, 5 de dezembro de 2023.<\/p>\n\n\n\n<p>No \u00e2mbito do Projeto Ideias D\u00edli Inovar, foi realizada a primeira forma\u00e7\u00e3o para 19 participantes na sala de forma\u00e7\u00e3o da AEMTL, liderada por dois Formadores Principais e dois Coformadores, ao longo de 30 dias, entre dezembro de 2023 e fevereiro de 2024.<br>Este projeto \u00e9 uma colabora\u00e7\u00e3o entre a Uni\u00e3o Europeia e os parceiros implementadores AEMTL, AMD e IADE.<\/p>\n","protected":false},"excerpt":{"rendered":"<p>D\u00edli, ter\u00e7a-feira, 5 de dezembro de 2023. No \u00e2mbito do Projeto Ideias D\u00edli Inovar, foi realizada a primeira forma\u00e7\u00e3o para 19 participantes na sala de forma\u00e7\u00e3o da AEMTL, liderada por dois Formadores Principais e dois Coformadores, ao longo de 30 dias, entre dezembro de 2023 e fevereiro de 2024.Este projeto \u00e9 uma colabora\u00e7\u00e3o entre a [&hellip;]<\/p>\n","protected":false},"author":2,"featured_media":532,"comment_status":"open","ping_status":"open","sticky":false,"template":"","format":"standard","meta":{"footnotes":""},"categories":[6],"tags":[],"class_list":["post-527","post","type-post","status-publish","format-standard","has-post-thumbnail","hentry","category-news"],"_links":{"self":[{"href":"https:\/\/aemtl.org\/pt\/wp-json\/wp\/v2\/posts\/527","targetHints":{"allow":["GET"]}}],"collection":[{"href":"https:\/\/aemtl.org\/pt\/wp-json\/wp\/v2\/posts"}],"about":[{"href":"https:\/\/aemtl.org\/pt\/wp-json\/wp\/v2\/types\/post"}],"author":[{"embeddable":true,"href":"https:\/\/aemtl.org\/pt\/wp-json\/wp\/v2\/users\/2"}],"replies":[{"embeddable":true,"href":"https:\/\/aemtl.org\/pt\/wp-json\/wp\/v2\/comments?post=527"}],"version-history":[{"count":3,"href":"https:\/\/aemtl.org\/pt\/wp-json\/wp\/v2\/posts\/527\/revisions"}],"predecessor-version":[{"id":1338,"href":"https:\/\/aemtl.org\/pt\/wp-json\/wp\/v2\/posts\/527\/revisions\/1338"}],"wp:featuredmedia":[{"embeddable":true,"href":"https:\/\/aemtl.org\/pt\/wp-json\/wp\/v2\/media\/532"}],"wp:attachment":[{"href":"https:\/\/aemtl.org\/pt\/wp-json\/wp\/v2\/media?parent=527"}],"wp:term":[{"taxonomy":"category","embeddable":true,"href":"https:\/\/aemtl.org\/pt\/wp-json\/wp\/v2\/categories?post=527"},{"taxonomy":"post_tag","embeddable":true,"href":"https:\/\/aemtl.org\/pt\/wp-json\/wp\/v2\/tags?post=527"}],"curies":[{"name":"wp","href":"https:\/\/api.w.org\/{rel}","templated":true}]}}