{"id":537,"date":"2025-02-03T07:15:00","date_gmt":"2025-02-03T07:15:00","guid":{"rendered":"https:\/\/aemtl.org\/?p=537"},"modified":"2025-02-08T19:43:16","modified_gmt":"2025-02-08T19:43:16","slug":"aemtl-president-speaks-at-intergenerational-dialogue-in-timor-leste","status":"publish","type":"post","link":"https:\/\/aemtl.org\/pt\/aemtl-president-speaks-at-intergenerational-dialogue-in-timor-leste\/","title":{"rendered":"Presidente da AEMTL participa em Di\u00e1logo Intergeracional em Timor-Leste"},"content":{"rendered":"\n<p>D\u00edli, 6 de novembro de 2024<\/p>\n\n\n\n<p>A Presidente da Associa\u00e7\u00e3o de Mulheres Empreendedoras de Timor-Leste (AEMTL) ser\u00e1 oradora no Di\u00e1logo Intergeracional para promover quest\u00f5es pol\u00edticas, educacionais, econ\u00f3micas, sociais e culturais entre mulheres, organizado pela Plan International Timor-Leste.<br>Este programa visa capacitar grupos marginalizados em Timor-Leste, com foco especial em jovens mulheres e pessoas com defici\u00eancia, permitindo-lhes participar de forma significativa e ativa nas elei\u00e7\u00f5es do pa\u00eds.<\/p>\n","protected":false},"excerpt":{"rendered":"<p>D\u00edli, 6 de novembro de 2024 A Presidente da Associa\u00e7\u00e3o de Mulheres Empreendedoras de Timor-Leste (AEMTL) ser\u00e1 oradora no Di\u00e1logo Intergeracional para promover quest\u00f5es pol\u00edticas, educacionais, econ\u00f3micas, sociais e culturais entre mulheres, organizado pela Plan International Timor-Leste.Este programa visa capacitar grupos marginalizados em Timor-Leste, com foco especial em jovens mulheres e pessoas com defici\u00eancia, permitindo-lhes [&hellip;]<\/p>\n","protected":false},"author":2,"featured_media":539,"comment_status":"open","ping_status":"open","sticky":false,"template":"","format":"standard","meta":{"footnotes":""},"categories":[6],"tags":[],"class_list":["post-537","post","type-post","status-publish","format-standard","has-post-thumbnail","hentry","category-news"],"_links":{"self":[{"href":"https:\/\/aemtl.org\/pt\/wp-json\/wp\/v2\/posts\/537","targetHints":{"allow":["GET"]}}],"collection":[{"href":"https:\/\/aemtl.org\/pt\/wp-json\/wp\/v2\/posts"}],"about":[{"href":"https:\/\/aemtl.org\/pt\/wp-json\/wp\/v2\/types\/post"}],"author":[{"embeddable":true,"href":"https:\/\/aemtl.org\/pt\/wp-json\/wp\/v2\/users\/2"}],"replies":[{"embeddable":true,"href":"https:\/\/aemtl.org\/pt\/wp-json\/wp\/v2\/comments?post=537"}],"version-history":[{"count":3,"href":"https:\/\/aemtl.org\/pt\/wp-json\/wp\/v2\/posts\/537\/revisions"}],"predecessor-version":[{"id":1335,"href":"https:\/\/aemtl.org\/pt\/wp-json\/wp\/v2\/posts\/537\/revisions\/1335"}],"wp:featuredmedia":[{"embeddable":true,"href":"https:\/\/aemtl.org\/pt\/wp-json\/wp\/v2\/media\/539"}],"wp:attachment":[{"href":"https:\/\/aemtl.org\/pt\/wp-json\/wp\/v2\/media?parent=537"}],"wp:term":[{"taxonomy":"category","embeddable":true,"href":"https:\/\/aemtl.org\/pt\/wp-json\/wp\/v2\/categories?post=537"},{"taxonomy":"post_tag","embeddable":true,"href":"https:\/\/aemtl.org\/pt\/wp-json\/wp\/v2\/tags?post=537"}],"curies":[{"name":"wp","href":"https:\/\/api.w.org\/{rel}","templated":true}]}}