{"id":541,"date":"2025-02-03T07:17:19","date_gmt":"2025-02-03T07:17:19","guid":{"rendered":"https:\/\/aemtl.org\/?p=541"},"modified":"2025-02-08T19:42:23","modified_gmt":"2025-02-08T19:42:23","slug":"the-acting-president-of-aemtl-along-with-her-team-participated-in-the-conversa-comercio","status":"publish","type":"post","link":"https:\/\/aemtl.org\/pt\/the-acting-president-of-aemtl-along-with-her-team-participated-in-the-conversa-comercio\/","title":{"rendered":"A Presidente Interina da AEMTL e a sua equipa participaram na \u201cConversa Com\u00e9rcio\u201d"},"content":{"rendered":"\n<p>D\u00edli, ter\u00e7a-feira, 22 de outubro de 2024<\/p>\n\n\n\n<p>A Presidente Interina da Associa\u00e7\u00e3o de Mulheres Empreendedoras de Timor-Leste (AEMTL), juntamente com a sua equipa, participou no evento \u201cConversa Com\u00e9rcio\u201d, realizado na Sala Suai, 4.\u00ba andar do edif\u00edcio TP. O evento contou tamb\u00e9m com a participa\u00e7\u00e3o de:<\/p>\n\n\n\n<ul class=\"wp-block-list\">\n<li>Comiss\u00e1rio da Autoridade, Sr. Joanico Pinto<\/li>\n\n\n\n<li>Diretor Nacional de Gest\u00e3o e Conformidade da Autoridade Aduaneira, Sr. Ivo Gomes<\/li>\n\n\n\n<li>Chefe do Departamento de Registo de Viaturas da DNTT, Sra. Marcelina Peloi<\/li>\n\n\n\n<li>Diretor Executivo da CCI-TL, Sr. Domingos Natividade<\/li>\n\n\n\n<li>Diretora do Gabinete de Desenvolvimento Geral da USAID, Sra. Jazmian D. Allen<\/li>\n<\/ul>\n\n\n\n<p>O workshop\/\u201cConversa Com\u00e9rcio\u201d teve como objetivo proporcionar uma oportunidade para aprofundar conhecimentos sobre o Ponto Nacional de Consulta e os procedimentos de importa\u00e7\u00e3o de viaturas.<\/p>\n\n\n\n<p>Durante o evento, foi lan\u00e7ado o portal \u201cPONTO NACIONAL DE CONSULTA\u201d, concebido para:<\/p>\n\n\n\n<ul class=\"wp-block-list\">\n<li>Refor\u00e7ar a efici\u00eancia no atendimento aos clientes.<\/li>\n\n\n\n<li>Este marco representa um passo significativo para o fortalecimento do setor privado nacional.<\/li>\n<\/ul>\n","protected":false},"excerpt":{"rendered":"<p>D\u00edli, ter\u00e7a-feira, 22 de outubro de 2024 A Presidente Interina da Associa\u00e7\u00e3o de Mulheres Empreendedoras de Timor-Leste (AEMTL), juntamente com a sua equipa, participou no evento \u201cConversa Com\u00e9rcio\u201d, realizado na Sala Suai, 4.\u00ba andar do edif\u00edcio TP. O evento contou tamb\u00e9m com a participa\u00e7\u00e3o de: O workshop\/\u201cConversa Com\u00e9rcio\u201d teve como objetivo proporcionar uma oportunidade para [&hellip;]<\/p>\n","protected":false},"author":2,"featured_media":542,"comment_status":"open","ping_status":"open","sticky":false,"template":"","format":"standard","meta":{"footnotes":""},"categories":[6],"tags":[],"class_list":["post-541","post","type-post","status-publish","format-standard","has-post-thumbnail","hentry","category-news"],"_links":{"self":[{"href":"https:\/\/aemtl.org\/pt\/wp-json\/wp\/v2\/posts\/541","targetHints":{"allow":["GET"]}}],"collection":[{"href":"https:\/\/aemtl.org\/pt\/wp-json\/wp\/v2\/posts"}],"about":[{"href":"https:\/\/aemtl.org\/pt\/wp-json\/wp\/v2\/types\/post"}],"author":[{"embeddable":true,"href":"https:\/\/aemtl.org\/pt\/wp-json\/wp\/v2\/users\/2"}],"replies":[{"embeddable":true,"href":"https:\/\/aemtl.org\/pt\/wp-json\/wp\/v2\/comments?post=541"}],"version-history":[{"count":4,"href":"https:\/\/aemtl.org\/pt\/wp-json\/wp\/v2\/posts\/541\/revisions"}],"predecessor-version":[{"id":1334,"href":"https:\/\/aemtl.org\/pt\/wp-json\/wp\/v2\/posts\/541\/revisions\/1334"}],"wp:featuredmedia":[{"embeddable":true,"href":"https:\/\/aemtl.org\/pt\/wp-json\/wp\/v2\/media\/542"}],"wp:attachment":[{"href":"https:\/\/aemtl.org\/pt\/wp-json\/wp\/v2\/media?parent=541"}],"wp:term":[{"taxonomy":"category","embeddable":true,"href":"https:\/\/aemtl.org\/pt\/wp-json\/wp\/v2\/categories?post=541"},{"taxonomy":"post_tag","embeddable":true,"href":"https:\/\/aemtl.org\/pt\/wp-json\/wp\/v2\/tags?post=541"}],"curies":[{"name":"wp","href":"https:\/\/api.w.org\/{rel}","templated":true}]}}