{"id":544,"date":"2025-02-03T07:19:12","date_gmt":"2025-02-03T07:19:12","guid":{"rendered":"https:\/\/aemtl.org\/?p=544"},"modified":"2025-02-08T21:30:06","modified_gmt":"2025-02-08T21:30:06","slug":"the-timor-leste-womens-business-association-aemtl-at-the-national-and-municipal-levels","status":"publish","type":"post","link":"https:\/\/aemtl.org\/pt\/the-timor-leste-womens-business-association-aemtl-at-the-national-and-municipal-levels\/","title":{"rendered":"A Associa\u00e7\u00e3o Empresarial das Mulheres de Timor-Leste (AEMTL), a n\u00edvel nacional e municipal, participou num semin\u00e1rio nacional para mulheres empreendedoras\u00a0."},"content":{"rendered":"\n<p>D\u00edli, sexta-feira, 16 de novembro de 2024<\/p>\n\n\n\n<p>A Associa\u00e7\u00e3o Empresarial das Mulheres de Timor-Leste (AEMTL), a n\u00edvel nacional e municipal, participou num semin\u00e1rio nacional para mulheres empreendedoras organizado pela ADN, I.P., em colabora\u00e7\u00e3o com a SEI e a AEMTL. Nesta ocasi\u00e3o, os oradores inclu\u00edram:<\/p>\n\n\n\n<p>\u2022 Diretor-Geral da SEI, Sr. Armando da Costa<\/p>\n\n\n\n<p>\u2022 Assessora da ADN, I.P., Sra. Melenia da Costa Barros<\/p>\n\n\n\n<p>\u2022 Assessor da ADN, I.P., Sr. Santoso<\/p>\n\n\n\n<p>O objetivo deste semin\u00e1rio \u00e9: \u201cPerfil das mulheres empreendedoras: Empoderando-as para se tornarem protagonistas no desenvolvimento nacional, especialmente em infraestruturas.\u201d<\/p>\n\n\n\n<p>O Semin\u00e1rio Nacional foi aberto por Sua Excel\u00eancia, o Ministro do Planeamento e Investimento Estrat\u00e9gico, Sr. Gast\u00e3o Fransisco de Sousa, e contou com a presen\u00e7a do Diretor Nacional da ADN, I.P., bem como dos assessores da ADN.<\/p>\n\n\n\n<p><\/p>\n","protected":false},"excerpt":{"rendered":"<p>D\u00edli, sexta-feira, 16 de novembro de 2024 A Associa\u00e7\u00e3o Empresarial das Mulheres de Timor-Leste (AEMTL), a n\u00edvel nacional e municipal, participou num semin\u00e1rio nacional para mulheres empreendedoras organizado pela ADN, I.P., em colabora\u00e7\u00e3o com a SEI e a AEMTL. Nesta ocasi\u00e3o, os oradores inclu\u00edram: \u2022 Diretor-Geral da SEI, Sr. Armando da Costa \u2022 Assessora da [&hellip;]<\/p>\n","protected":false},"author":2,"featured_media":545,"comment_status":"open","ping_status":"open","sticky":false,"template":"","format":"standard","meta":{"footnotes":""},"categories":[6],"tags":[],"class_list":["post-544","post","type-post","status-publish","format-standard","has-post-thumbnail","hentry","category-news"],"_links":{"self":[{"href":"https:\/\/aemtl.org\/pt\/wp-json\/wp\/v2\/posts\/544","targetHints":{"allow":["GET"]}}],"collection":[{"href":"https:\/\/aemtl.org\/pt\/wp-json\/wp\/v2\/posts"}],"about":[{"href":"https:\/\/aemtl.org\/pt\/wp-json\/wp\/v2\/types\/post"}],"author":[{"embeddable":true,"href":"https:\/\/aemtl.org\/pt\/wp-json\/wp\/v2\/users\/2"}],"replies":[{"embeddable":true,"href":"https:\/\/aemtl.org\/pt\/wp-json\/wp\/v2\/comments?post=544"}],"version-history":[{"count":4,"href":"https:\/\/aemtl.org\/pt\/wp-json\/wp\/v2\/posts\/544\/revisions"}],"predecessor-version":[{"id":1306,"href":"https:\/\/aemtl.org\/pt\/wp-json\/wp\/v2\/posts\/544\/revisions\/1306"}],"wp:featuredmedia":[{"embeddable":true,"href":"https:\/\/aemtl.org\/pt\/wp-json\/wp\/v2\/media\/545"}],"wp:attachment":[{"href":"https:\/\/aemtl.org\/pt\/wp-json\/wp\/v2\/media?parent=544"}],"wp:term":[{"taxonomy":"category","embeddable":true,"href":"https:\/\/aemtl.org\/pt\/wp-json\/wp\/v2\/categories?post=544"},{"taxonomy":"post_tag","embeddable":true,"href":"https:\/\/aemtl.org\/pt\/wp-json\/wp\/v2\/tags?post=544"}],"curies":[{"name":"wp","href":"https:\/\/api.w.org\/{rel}","templated":true}]}}