{"id":1984,"date":"2025-07-16T03:05:09","date_gmt":"2025-07-16T03:05:09","guid":{"rendered":"https:\/\/aemtl.org\/pt\/?p=1984"},"modified":"2025-07-16T03:05:09","modified_gmt":"2025-07-16T03:05:09","slug":"celebracao-do-17-o-aniversario-da-associacao-empresarial-das-mulheres-de-timor-leste-aemtl-no-municipio-de-baucau","status":"publish","type":"post","link":"https:\/\/aemtl.org\/tetun\/celebracao-do-17-o-aniversario-da-associacao-empresarial-das-mulheres-de-timor-leste-aemtl-no-municipio-de-baucau\/","title":{"rendered":"Serim\u00f3nia Entrega Pr\u00e9miu \u2013 Konsursu Dezenu Sestaria Tradision\u00e1l"},"content":{"rendered":"\n<p>Loron Segunda-Feira, 12 Maiu 2025<\/p>\n\n\n\n<p>Assosiasaun Emprezarial Feto Timor-Leste (AEMTL),halo serim\u00f3nia entrega pr\u00e9miu iha Sentru Kultural Portug\u00e9s, hodi f\u00f3 valor ba talento hosi artesanatu sira husi 13 munis\u00edpiu.<\/p>\n\n\n\n<p>Konkursu ne\u2019e iniciativa hosi Asosiasaun Emprez\u00e1ri\u00e1l Feto Timor-Leste (AEMTL), ho apoiu husi Cam\u00f5es \u2013 Sentru Kultural Portug\u00e9s.<\/p>\n\n\n\n<p>Serim\u00f3nia ne\u2019e hetan prezensa husi Sekret\u00e1riu Estadu Arte no Kultura, Embaixadora Portug\u00e1l iha Timor-Leste, Prezidente Interina AEMTL, konvidadu espesial sira, estrutura AEMTL munis\u00edpiu sira, no konkorrentis sira hotu.<\/p>\n\n\n\n<p>Momentu espesi\u00e1l ida ne\u2019e f\u00f3 honra ba kreatividade, identidade no tradisaun timoroan.<\/p>\n\n\n\n<p>Parabens ba hotu ne\u2019eb\u00e9 partisipante, ita hotu mak manan tanba arte la iha limitasaun. Kontinua ho kreatividade no orgullo!<\/p>\n\n\n\n<p><a href=\"https:\/\/web.facebook.com\/hashtag\/aemtl?__eep__=6&#038;__cft__[0]=AZW1sKi9AJWikxETh_q55ANTr4aSnfy2b75I00bg7Ra_VYtUhx042TR1Lm0daoyXYYjotEjb5JC3HPo7kVAasYnQRGHmRmWvbejV7T9JBzQvG91jPzDQX2SkFh2n2OtK1Yds8JSRiLK46-eL_sGutgzscUaRsjKy4QMr3lg4Ns88gY8ew4-KfbgIoNJaQKYx7wLDXBBj9vooFUpqWQdDCIeW&#038;__tn__=*NK-R\">#AEMTL<\/a><\/p>\n\n\n\n<p><a href=\"https:\/\/web.facebook.com\/hashtag\/cam%C3%B5escentrocultural?__eep__=6&#038;__cft__[0]=AZW1sKi9AJWikxETh_q55ANTr4aSnfy2b75I00bg7Ra_VYtUhx042TR1Lm0daoyXYYjotEjb5JC3HPo7kVAasYnQRGHmRmWvbejV7T9JBzQvG91jPzDQX2SkFh2n2OtK1Yds8JSRiLK46-eL_sGutgzscUaRsjKy4QMr3lg4Ns88gY8ew4-KfbgIoNJaQKYx7wLDXBBj9vooFUpqWQdDCIeW&#038;__tn__=*NK-R\">#Cam\u00f5esCentroCultural<\/a><\/p>\n","protected":false},"excerpt":{"rendered":"<p>Loron Segunda-Feira, 12 Maiu 2025 Assosiasaun Emprezarial Feto Timor-Leste (AEMTL),halo serim\u00f3nia entrega pr\u00e9miu iha Sentru Kultural Portug\u00e9s, hodi f\u00f3 valor ba talento hosi artesanatu sira husi 13 munis\u00edpiu. Konkursu ne\u2019e iniciativa hosi Asosiasaun Emprez\u00e1ri\u00e1l Feto Timor-Leste (AEMTL), ho apoiu husi Cam\u00f5es \u2013 Sentru Kultural Portug\u00e9s. Serim\u00f3nia ne\u2019e hetan prezensa husi Sekret\u00e1riu Estadu Arte no Kultura, [&hellip;]<\/p>\n","protected":false},"author":5,"featured_media":2019,"comment_status":"open","ping_status":"open","sticky":false,"template":"","format":"standard","meta":{"footnotes":""},"categories":[6],"tags":[],"class_list":["post-1984","post","type-post","status-publish","format-standard","has-post-thumbnail","hentry","category-news"],"_links":{"self":[{"href":"https:\/\/aemtl.org\/tetun\/wp-json\/wp\/v2\/posts\/1984","targetHints":{"allow":["GET"]}}],"collection":[{"href":"https:\/\/aemtl.org\/tetun\/wp-json\/wp\/v2\/posts"}],"about":[{"href":"https:\/\/aemtl.org\/tetun\/wp-json\/wp\/v2\/types\/post"}],"author":[{"embeddable":true,"href":"https:\/\/aemtl.org\/tetun\/wp-json\/wp\/v2\/users\/5"}],"replies":[{"embeddable":true,"href":"https:\/\/aemtl.org\/tetun\/wp-json\/wp\/v2\/comments?post=1984"}],"version-history":[{"count":3,"href":"https:\/\/aemtl.org\/tetun\/wp-json\/wp\/v2\/posts\/1984\/revisions"}],"predecessor-version":[{"id":1987,"href":"https:\/\/aemtl.org\/tetun\/wp-json\/wp\/v2\/posts\/1984\/revisions\/1987"}],"wp:featuredmedia":[{"embeddable":true,"href":"https:\/\/aemtl.org\/tetun\/wp-json\/wp\/v2\/media\/2019"}],"wp:attachment":[{"href":"https:\/\/aemtl.org\/tetun\/wp-json\/wp\/v2\/media?parent=1984"}],"wp:term":[{"taxonomy":"category","embeddable":true,"href":"https:\/\/aemtl.org\/tetun\/wp-json\/wp\/v2\/categories?post=1984"},{"taxonomy":"post_tag","embeddable":true,"href":"https:\/\/aemtl.org\/tetun\/wp-json\/wp\/v2\/tags?post=1984"}],"curies":[{"name":"wp","href":"https:\/\/api.w.org\/{rel}","templated":true}]}}