{"id":1994,"date":"2025-07-16T03:05:43","date_gmt":"2025-07-16T03:05:43","guid":{"rendered":"https:\/\/aemtl.org\/?p=1994"},"modified":"2025-07-16T03:05:43","modified_gmt":"2025-07-16T03:05:43","slug":"23-years-of-independence-restoration-%f0%9f%87%b9%f0%9f%87%b1","status":"publish","type":"post","link":"https:\/\/aemtl.org\/tetun\/23-years-of-independence-restoration-%f0%9f%87%b9%f0%9f%87%b1\/","title":{"rendered":"Enkontru forma\u200bl ho Sua Excel\u00eancia Ministro da Administra\u00e7\u00e3o Estatal (MAE), Sr. Tom\u00e1s do Ros\u00e1rio Cabral, iha Sala Gabinete Ministru."},"content":{"rendered":"\n<figure class=\"wp-block-image\"><img decoding=\"async\" src=\"https:\/\/static.xx.fbcdn.net\/images\/emoji.php\/v9\/te4\/1\/16\/1f1f9_1f1f1.png\" alt=\"\ud83c\uddf9\ud83c\uddf1\"\/><\/figure>\n\n\n\n<p>D\u00edli, Sesta-feira, 23 de Maio de 2025 <\/p>\n\n\n\n<p>Prezidente Asosiasaun Emprezari\u00e1l das Mulheres Timor-Leste (AEMTL), Sra. Hergui Luina Fernandes Alves, hamutuk ho Membro Konsellu Ezekutivu, realiza enkontru forma\u200bl ho Sua Excel\u00eancia Ministro da Administra\u00e7\u00e3o Estatal (MAE), Sr. Tom\u00e1s do Ros\u00e1rio Cabral, iha Sala Gabinete Ministru.<\/p>\n\n\n\n<p>Enkontru ne\u2019e ho objetivu hodi aprezenta programa Visaun no Misaun AEMTL nian, ho enf\u00e1ze ba empoderamentu maluk feto sira atu hetan independ\u00e9nsia ekon\u00f3mika, no f\u00f3 kontribuisaun forte ba dezenvolvimentu nasion\u00e1l. AEMTL m\u00f3s aprezenta rezultadu Baze de Dadus Feto Emprezarial Timor-Leste Tinan 2025, ne\u2019eb\u00e9 konta dadus fundament\u00e1l kona-ba situasaun feto sira iha setor emprez\u00e1riu, atu bele sai refer\u00e9nsia ba formulasaun pol\u00edtika p\u00fablika ho base evid\u00e9nsia.<\/p>\n\n\n\n<p>Iha sorumutu nee, Sua Excel\u00eancia Ministru espresa apresiasaun ba inisiativa AEMTL nian no reafirma kompromisu Governu atu kontinua f\u00f3 suporta efetivu ba feto sira iha vida neg\u00f3siu. Ministru m\u00f3s partilha programa-prioridade hosi Minist\u00e9riu Administrasaun Estatal nian, no hatudu prontidaun atu dezenvolve parseria estrat\u00e9jika ba tempu naruk, ho fin objetivu promove igualdade de g\u00e9nero no inkluzaun ekon\u00f3mika iha Timor-Leste.<\/p>\n\n\n\n<p><a href=\"https:\/\/web.facebook.com\/hashtag\/aemtl?__eep__=6&#038;__cft__[0]=AZUwROuGnAn_kIrntGMiUxqXU96bq0xiTOYtUag8YvvYolBSDv5z_MgU0kTf5Xfd0R3H6TkOMzS-riyhv-8cD7IhcZC2pQBGKORz66BeiBqC3tKABWQagNB7eqE-aI9QVVjKuRWm8o6aLBaYVaEEEajCaXHf6tf2stlFV9WNR9f1rV1Of2LDaYFfKgSuNUQ0WlLhb7k2Bk7rgpdS_ldDdwU0&#038;__tn__=*NK-R\">#AEMTL<\/a><\/p>\n\n\n\n<p><a href=\"https:\/\/web.facebook.com\/hashtag\/mae?__eep__=6&#038;__cft__[0]=AZUwROuGnAn_kIrntGMiUxqXU96bq0xiTOYtUag8YvvYolBSDv5z_MgU0kTf5Xfd0R3H6TkOMzS-riyhv-8cD7IhcZC2pQBGKORz66BeiBqC3tKABWQagNB7eqE-aI9QVVjKuRWm8o6aLBaYVaEEEajCaXHf6tf2stlFV9WNR9f1rV1Of2LDaYFfKgSuNUQ0WlLhb7k2Bk7rgpdS_ldDdwU0&#038;__tn__=*NK-R\">#MAE<\/a><\/p>\n\n\n\n<p><\/p>\n","protected":false},"excerpt":{"rendered":"<p>D\u00edli, Sesta-feira, 23 de Maio de 2025 Prezidente Asosiasaun Emprezari\u00e1l das Mulheres Timor-Leste (AEMTL), Sra. Hergui Luina Fernandes Alves, hamutuk ho Membro Konsellu Ezekutivu, realiza enkontru forma\u200bl ho Sua Excel\u00eancia Ministro da Administra\u00e7\u00e3o Estatal (MAE), Sr. Tom\u00e1s do Ros\u00e1rio Cabral, iha Sala Gabinete Ministru. Enkontru ne\u2019e ho objetivu hodi aprezenta programa Visaun no Misaun AEMTL [&hellip;]<\/p>\n","protected":false},"author":5,"featured_media":2023,"comment_status":"open","ping_status":"open","sticky":false,"template":"","format":"standard","meta":{"footnotes":""},"categories":[6],"tags":[],"class_list":["post-1994","post","type-post","status-publish","format-standard","has-post-thumbnail","hentry","category-news"],"_links":{"self":[{"href":"https:\/\/aemtl.org\/tetun\/wp-json\/wp\/v2\/posts\/1994","targetHints":{"allow":["GET"]}}],"collection":[{"href":"https:\/\/aemtl.org\/tetun\/wp-json\/wp\/v2\/posts"}],"about":[{"href":"https:\/\/aemtl.org\/tetun\/wp-json\/wp\/v2\/types\/post"}],"author":[{"embeddable":true,"href":"https:\/\/aemtl.org\/tetun\/wp-json\/wp\/v2\/users\/5"}],"replies":[{"embeddable":true,"href":"https:\/\/aemtl.org\/tetun\/wp-json\/wp\/v2\/comments?post=1994"}],"version-history":[{"count":4,"href":"https:\/\/aemtl.org\/tetun\/wp-json\/wp\/v2\/posts\/1994\/revisions"}],"predecessor-version":[{"id":1998,"href":"https:\/\/aemtl.org\/tetun\/wp-json\/wp\/v2\/posts\/1994\/revisions\/1998"}],"wp:featuredmedia":[{"embeddable":true,"href":"https:\/\/aemtl.org\/tetun\/wp-json\/wp\/v2\/media\/2023"}],"wp:attachment":[{"href":"https:\/\/aemtl.org\/tetun\/wp-json\/wp\/v2\/media?parent=1994"}],"wp:term":[{"taxonomy":"category","embeddable":true,"href":"https:\/\/aemtl.org\/tetun\/wp-json\/wp\/v2\/categories?post=1994"},{"taxonomy":"post_tag","embeddable":true,"href":"https:\/\/aemtl.org\/tetun\/wp-json\/wp\/v2\/tags?post=1994"}],"curies":[{"name":"wp","href":"https:\/\/api.w.org\/{rel}","templated":true}]}}