{"id":1999,"date":"2025-07-16T03:05:34","date_gmt":"2025-07-16T03:05:34","guid":{"rendered":"https:\/\/aemtl.org\/?p=1999"},"modified":"2025-07-16T03:05:34","modified_gmt":"2025-07-16T03:05:34","slug":"a-formal-meeting-with-his-excellency-the-minister-of-state-administration-mae-mr-tomas-do-rosario-cabral-in-the-ministers-office","status":"publish","type":"post","link":"https:\/\/aemtl.org\/tetun\/a-formal-meeting-with-his-excellency-the-minister-of-state-administration-mae-mr-tomas-do-rosario-cabral-in-the-ministers-office\/","title":{"rendered":"Associa\u00e7\u00e3o Emprezarial das Mulheres Timor-Leste (AEMTL) ho International Finance Corporation (IFC) hala\u2019o enkontru ho Gabinete Prezidente Republika atu ko\u2019alia kona ba preparasaun fase 2 Timor-Leste Women in Business Awards tinan 2025."},"content":{"rendered":"\n<p>Segunda \u2013Feira 09 de Junho 2025<\/p>\n\n\n\n<p>Pr\u00e9mio Empreendedora Feto Timor-Leste hanesan inisiativa pioneira husi International Finance Corporation (IFC) no Associa\u00e7\u00e3o Emprezarial das Mulheres Timor-Leste (AEMTL), iha parceria ho Governu Austr\u00e1lia no Governu Nova Zel\u00e2ndia.<\/p>\n\n\n\n<p>Pr\u00e9mio sira ne\u2019e selebra feto-feto espesi\u00e1l sira ne\u2019eb\u00e9 iha kontribuisaun not\u00e1vel iha \u00e1rea neg\u00f3siu no lideransa, no mos f\u00f3 rekonhesimentu ba indiv\u00eddu no instituisaun sira ne\u2019eb\u00e9 halo esforsu atu promove igualdade j\u00e9neru, diversidade no inkluzaun finanseira.<\/p>\n\n\n\n<p>Mai hamutuk ho ami atu suporta feto Timor oan sira ne\u2019eb\u00e9 iha viz\u00e3u no lideransa atu forma futuru neg\u00f3siu iha Timor-Leste!<\/p>\n","protected":false},"excerpt":{"rendered":"<p>Segunda \u2013Feira 09 de Junho 2025 Pr\u00e9mio Empreendedora Feto Timor-Leste hanesan inisiativa pioneira husi International Finance Corporation (IFC) no Associa\u00e7\u00e3o Emprezarial das Mulheres Timor-Leste (AEMTL), iha parceria ho Governu Austr\u00e1lia no Governu Nova Zel\u00e2ndia. Pr\u00e9mio sira ne\u2019e selebra feto-feto espesi\u00e1l sira ne\u2019eb\u00e9 iha kontribuisaun not\u00e1vel iha \u00e1rea neg\u00f3siu no lideransa, no mos f\u00f3 rekonhesimentu ba [&hellip;]<\/p>\n","protected":false},"author":5,"featured_media":2022,"comment_status":"open","ping_status":"open","sticky":false,"template":"","format":"standard","meta":{"footnotes":""},"categories":[6],"tags":[],"class_list":["post-1999","post","type-post","status-publish","format-standard","has-post-thumbnail","hentry","category-news"],"_links":{"self":[{"href":"https:\/\/aemtl.org\/tetun\/wp-json\/wp\/v2\/posts\/1999","targetHints":{"allow":["GET"]}}],"collection":[{"href":"https:\/\/aemtl.org\/tetun\/wp-json\/wp\/v2\/posts"}],"about":[{"href":"https:\/\/aemtl.org\/tetun\/wp-json\/wp\/v2\/types\/post"}],"author":[{"embeddable":true,"href":"https:\/\/aemtl.org\/tetun\/wp-json\/wp\/v2\/users\/5"}],"replies":[{"embeddable":true,"href":"https:\/\/aemtl.org\/tetun\/wp-json\/wp\/v2\/comments?post=1999"}],"version-history":[{"count":6,"href":"https:\/\/aemtl.org\/tetun\/wp-json\/wp\/v2\/posts\/1999\/revisions"}],"predecessor-version":[{"id":2005,"href":"https:\/\/aemtl.org\/tetun\/wp-json\/wp\/v2\/posts\/1999\/revisions\/2005"}],"wp:featuredmedia":[{"embeddable":true,"href":"https:\/\/aemtl.org\/tetun\/wp-json\/wp\/v2\/media\/2022"}],"wp:attachment":[{"href":"https:\/\/aemtl.org\/tetun\/wp-json\/wp\/v2\/media?parent=1999"}],"wp:term":[{"taxonomy":"category","embeddable":true,"href":"https:\/\/aemtl.org\/tetun\/wp-json\/wp\/v2\/categories?post=1999"},{"taxonomy":"post_tag","embeddable":true,"href":"https:\/\/aemtl.org\/tetun\/wp-json\/wp\/v2\/tags?post=1999"}],"curies":[{"name":"wp","href":"https:\/\/api.w.org\/{rel}","templated":true}]}}