{"id":2011,"date":"2025-07-16T03:05:18","date_gmt":"2025-07-16T03:05:18","guid":{"rendered":"https:\/\/aemtl.org\/pt\/?p=2011"},"modified":"2025-07-16T03:05:18","modified_gmt":"2025-07-16T03:05:18","slug":"aemtl-assina-acordo-de-colaboracao-com-o-mcae","status":"publish","type":"post","link":"https:\/\/aemtl.org\/tetun\/aemtl-assina-acordo-de-colaboracao-com-o-mcae\/","title":{"rendered":"Partisipa iha Workshop Innovasaun ho Ekonomika Diversifikasaun iha Timor-Leste"},"content":{"rendered":"\n<p>Embaxiada Jap\u00e3o Dili, 13 Ju\u00f1u 2025<\/p>\n\n\n\n<p>Prezidente Assosiasaun  Empresarial Feto Timor-Leste (AEMTL) no Presidente Interina AEMTL Partisipa iha Workshop Innovasaun ho Ekonomika Diversifikasaun iha Timor-Leste, ne\u2019eb\u00e9 organiza husi Embaixada Jap\u00e3o iha Timor-Leste no Nacoes Unidas Para o Dezenvolvimentu (UNDP).<\/p>\n\n\n\n<p> Iha workshop ida ne\u2019e, Prezidente Assosiasaun Emprezarial Feto Timor-Leste (AEMTL) mos Partisipa nudar Panelista iha panel diskusaun no ko\u2019alia kona ba AEMTL nia servisu sira ne\u2019eb\u00e9 f\u00f3 empoderamentu ba feto sira iha \u00e1rea negosiu <img loading=\"lazy\" decoding=\"async\" height=\"16\" width=\"16\" src=\"https:\/\/static.xx.fbcdn.net\/images\/emoji.php\/v9\/te4\/1\/16\/1f1f9_1f1f1.png\" alt=\"\ud83c\uddf9\ud83c\uddf1\"><\/p>\n","protected":false},"excerpt":{"rendered":"<p>Embaxiada Jap\u00e3o Dili, 13 Ju\u00f1u 2025 Prezidente Assosiasaun Empresarial Feto Timor-Leste (AEMTL) no Presidente Interina AEMTL Partisipa iha Workshop Innovasaun ho Ekonomika Diversifikasaun iha Timor-Leste, ne\u2019eb\u00e9 organiza husi Embaixada Jap\u00e3o iha Timor-Leste no Nacoes Unidas Para o Dezenvolvimentu (UNDP). Iha workshop ida ne\u2019e, Prezidente Assosiasaun Emprezarial Feto Timor-Leste (AEMTL) mos Partisipa nudar Panelista iha panel [&hellip;]<\/p>\n","protected":false},"author":5,"featured_media":2020,"comment_status":"open","ping_status":"open","sticky":false,"template":"","format":"standard","meta":{"footnotes":""},"categories":[6],"tags":[],"class_list":["post-2011","post","type-post","status-publish","format-standard","has-post-thumbnail","hentry","category-news"],"_links":{"self":[{"href":"https:\/\/aemtl.org\/tetun\/wp-json\/wp\/v2\/posts\/2011","targetHints":{"allow":["GET"]}}],"collection":[{"href":"https:\/\/aemtl.org\/tetun\/wp-json\/wp\/v2\/posts"}],"about":[{"href":"https:\/\/aemtl.org\/tetun\/wp-json\/wp\/v2\/types\/post"}],"author":[{"embeddable":true,"href":"https:\/\/aemtl.org\/tetun\/wp-json\/wp\/v2\/users\/5"}],"replies":[{"embeddable":true,"href":"https:\/\/aemtl.org\/tetun\/wp-json\/wp\/v2\/comments?post=2011"}],"version-history":[{"count":5,"href":"https:\/\/aemtl.org\/tetun\/wp-json\/wp\/v2\/posts\/2011\/revisions"}],"predecessor-version":[{"id":2016,"href":"https:\/\/aemtl.org\/tetun\/wp-json\/wp\/v2\/posts\/2011\/revisions\/2016"}],"wp:featuredmedia":[{"embeddable":true,"href":"https:\/\/aemtl.org\/tetun\/wp-json\/wp\/v2\/media\/2020"}],"wp:attachment":[{"href":"https:\/\/aemtl.org\/tetun\/wp-json\/wp\/v2\/media?parent=2011"}],"wp:term":[{"taxonomy":"category","embeddable":true,"href":"https:\/\/aemtl.org\/tetun\/wp-json\/wp\/v2\/categories?post=2011"},{"taxonomy":"post_tag","embeddable":true,"href":"https:\/\/aemtl.org\/tetun\/wp-json\/wp\/v2\/tags?post=2011"}],"curies":[{"name":"wp","href":"https:\/\/api.w.org\/{rel}","templated":true}]}}