{"id":2028,"date":"2025-07-16T03:18:56","date_gmt":"2025-07-16T03:18:56","guid":{"rendered":"https:\/\/aemtl.org\/pt\/?p=2028"},"modified":"2025-07-16T03:18:56","modified_gmt":"2025-07-16T03:18:56","slug":"%f0%9d%9f%90%f0%9d%9f%91-%f0%9d%90%80%f0%9d%90%a7%f0%9d%90%a8%f0%9d%90%ac-%f0%9d%90%91%f0%9d%90%9e%f0%9d%90%ac%f0%9d%90%ad%f0%9d%90%9a%f0%9d%90%ae%f0%9d%90%ab%f0%9d%90%9aca%f0%9d%90%a8-%f0%9d%90%9d","status":"publish","type":"post","link":"https:\/\/aemtl.org\/tetun\/%f0%9d%9f%90%f0%9d%9f%91-%f0%9d%90%80%f0%9d%90%a7%f0%9d%90%a8%f0%9d%90%ac-%f0%9d%90%91%f0%9d%90%9e%f0%9d%90%ac%f0%9d%90%ad%f0%9d%90%9a%f0%9d%90%ae%f0%9d%90%ab%f0%9d%90%9aca%f0%9d%90%a8-%f0%9d%90%9d\/","title":{"rendered":"Semin\u00e1riu Nasion\u00e1l ho t\u00f3piku:&#8221;Feto sira-nia Empoderamentu Ekon\u00f3miku \u2013 Valoriza Servisu Dom\u00e9stiku no Promove Pr\u00e1tika \u00c9tika Empregu Nian.&#8221;"},"content":{"rendered":"\n<p>Dili, Sexta-Feira,13 de Junho 2025<\/p>\n\n\n\n<p>Assosiasaun Emprezarial Feto Timor-Leste (AEMTL)<\/p>\n\n\n\n<p>Vice-Presidente Empoderamentu no Fortalesimentu Institusion\u00e1l, Sra. Jacinta Abu Cau Perreira, sai hanesan oradora iha Semin\u00e1riu Nasion\u00e1l ho t\u00f3piku:<\/p>\n\n\n\n<p>&#8220;<strong><em>Feto sira-nia Empoderamentu Ekon\u00f3miku \u2013 Valoriza Servisu Dom\u00e9stiku no Promove Pr\u00e1tika \u00c9tika Empregu Nian<\/em><\/strong>.&#8221;<\/p>\n\n\n\n<p>Partisipasaun AEMTL iha semin\u00e1riu importante ne\u2019e reflete komprom\u00e9tu atu kontinua hametin lideransa feto sira, valoriza kontribuisaun sira iha set\u00f3r dom\u00e9stiku, no promosaun prinsipiu \u00e9tika iha mundu empregu.<\/p>\n\n\n\n<p>AEMTL agradece sust\u00e9nsia husi parceiro sira ne\u2019eb\u00e9 kontinua f\u00f3 forsa ba empoderamentu feto sira iha Timor-Leste.<\/p>\n\n\n\n<p><\/p>\n","protected":false},"excerpt":{"rendered":"<p>Dili, Sexta-Feira,13 de Junho 2025 Assosiasaun Emprezarial Feto Timor-Leste (AEMTL) Vice-Presidente Empoderamentu no Fortalesimentu Institusion\u00e1l, Sra. Jacinta Abu Cau Perreira, sai hanesan oradora iha Semin\u00e1riu Nasion\u00e1l ho t\u00f3piku: &#8220;Feto sira-nia Empoderamentu Ekon\u00f3miku \u2013 Valoriza Servisu Dom\u00e9stiku no Promove Pr\u00e1tika \u00c9tika Empregu Nian.&#8221; Partisipasaun AEMTL iha semin\u00e1riu importante ne\u2019e reflete komprom\u00e9tu atu kontinua hametin lideransa feto [&hellip;]<\/p>\n","protected":false},"author":5,"featured_media":2032,"comment_status":"open","ping_status":"open","sticky":false,"template":"","format":"standard","meta":{"footnotes":""},"categories":[6],"tags":[],"class_list":["post-2028","post","type-post","status-publish","format-standard","has-post-thumbnail","hentry","category-news"],"_links":{"self":[{"href":"https:\/\/aemtl.org\/tetun\/wp-json\/wp\/v2\/posts\/2028","targetHints":{"allow":["GET"]}}],"collection":[{"href":"https:\/\/aemtl.org\/tetun\/wp-json\/wp\/v2\/posts"}],"about":[{"href":"https:\/\/aemtl.org\/tetun\/wp-json\/wp\/v2\/types\/post"}],"author":[{"embeddable":true,"href":"https:\/\/aemtl.org\/tetun\/wp-json\/wp\/v2\/users\/5"}],"replies":[{"embeddable":true,"href":"https:\/\/aemtl.org\/tetun\/wp-json\/wp\/v2\/comments?post=2028"}],"version-history":[{"count":3,"href":"https:\/\/aemtl.org\/tetun\/wp-json\/wp\/v2\/posts\/2028\/revisions"}],"predecessor-version":[{"id":2031,"href":"https:\/\/aemtl.org\/tetun\/wp-json\/wp\/v2\/posts\/2028\/revisions\/2031"}],"wp:featuredmedia":[{"embeddable":true,"href":"https:\/\/aemtl.org\/tetun\/wp-json\/wp\/v2\/media\/2032"}],"wp:attachment":[{"href":"https:\/\/aemtl.org\/tetun\/wp-json\/wp\/v2\/media?parent=2028"}],"wp:term":[{"taxonomy":"category","embeddable":true,"href":"https:\/\/aemtl.org\/tetun\/wp-json\/wp\/v2\/categories?post=2028"},{"taxonomy":"post_tag","embeddable":true,"href":"https:\/\/aemtl.org\/tetun\/wp-json\/wp\/v2\/tags?post=2028"}],"curies":[{"name":"wp","href":"https:\/\/api.w.org\/{rel}","templated":true}]}}