{"id":2079,"date":"2025-08-13T03:17:35","date_gmt":"2025-08-13T03:17:35","guid":{"rendered":"https:\/\/aemtl.org\/pt\/?p=2079"},"modified":"2025-08-13T03:20:09","modified_gmt":"2025-08-13T03:20:09","slug":"divulgacao-dos-resultados-do-vi-6-congresso-nacional-das-mulheres-no-municipio-de-liquica","status":"publish","type":"post","link":"https:\/\/aemtl.org\/tetun\/divulgacao-dos-resultados-do-vi-6-congresso-nacional-das-mulheres-no-municipio-de-liquica\/","title":{"rendered":"DIVULGASAUN REZULTADU KONGRESU FETO BADALA VI (NEN) IHA MUNIS\u00cdPIU LIQUISA"},"content":{"rendered":"\n<p>Liquisa, 17 Julho 2025 \u2013 Assosiasaun Emprezaria Feto Timor-Leste (AEMTL), hanesan membru aktivu iha Rede Feto, halo lideransa iha realizasaun atividade divulgasaun rezultadu Kongresu Nasional Feto BADALA VI (NEN) iha Munis\u00edpiu Liquisa. Atividade ne\u2019e lidera direktamente husi Sra. Jacinta Abu Cau Pereira, Vice-Presidente AEMTL ba Assuntu Empoderamentu no Fortalesimentu Institusional.<\/p>\n\n\n\n<p>Atividade divulgasaun nian hahu ho abertura no diskursu badak husi Sra. Zelia Fernandes, Presidente Conselho Diretivu Rede Feto Timor-Leste, no reprezentante husi Sekret\u00e1riu Munic\u00edpio Liquisa ba Assuntu Sosial, Sr. Jo\u00e3ojito<\/p>\n\n\n\n<p>Divulgasaun kontinua ho kontribuisaun husi ekipa kompostu husi:<\/p>\n\n\n\n<p>Sra. Mize, Diretora Ezekutiva Rede Feto,<\/p>\n\n\n\n<p>Sra. Maria da Costa, reprezentante AMEPTL (Assosiasaun Mulheres Eis Parlamentar Timor-Leste),<\/p>\n\n\n\n<p>no Sra. Jacinta A. Pereira, reprezentante AEMTL.<\/p>\n\n\n\n<p>\u00c1rea Prioridade Divulgasaun<\/p>\n\n\n\n<p>Informasaun ne\u2019e f\u00f3 baseia ba rezultadu diskusaun tem\u00e1tika 8 iha Kongresu Nasional Feto BADALA VI:<\/p>\n\n\n\n<p>1. Feto no Justisa<\/p>\n\n\n\n<p>2. Edukasaun ho Kualidade ba Ema Hotu<\/p>\n\n\n\n<p>3. Sa\u00fade Feto no Fam\u00edlia<\/p>\n\n\n\n<p>4. Feto, Ekonomia no Empregu<\/p>\n\n\n\n<p>5. Partisipasaun Feto iha Vida Pol\u00edtika no P\u00fabliku<\/p>\n\n\n\n<p>6. Inkluzaun Sosial<\/p>\n\n\n\n<p>7. Feto, Ambiente no Mudansa Klim\u00e1tika<\/p>\n\n\n\n<p>8. Politika Abordajen Integradu J\u00e9neru<\/p>\n\n\n\n<p>Talk Show Radio<\/p>\n\n\n\n<p>Iha final, ekipa halo Talk Show iha est\u00fadio R\u00e1dio Tokodede Liqui\u00e7a atu kontinua fahe informasaun ba komunidade sira ne\u2019eb\u00e9 la hetan oportunidade atu partisipa. Talk Show moderadu husi Respons\u00e1vel R\u00e1dio Tokodede, no orador principais mak:<\/p>\n\n\n\n<p>Sra. F\u00e1tima, reprezentante husi Governu (SEI)<\/p>\n\n\n\n<p>Sra. Jacinta, nudar fasilitadora.<\/p>\n","protected":false},"excerpt":{"rendered":"<p>Liquisa, 17 Julho 2025 \u2013 Assosiasaun Emprezaria Feto Timor-Leste (AEMTL), hanesan membru aktivu iha Rede Feto, halo lideransa iha realizasaun atividade divulgasaun rezultadu Kongresu Nasional Feto BADALA VI (NEN) iha Munis\u00edpiu Liquisa. Atividade ne\u2019e lidera direktamente husi Sra. Jacinta Abu Cau Pereira, Vice-Presidente AEMTL ba Assuntu Empoderamentu no Fortalesimentu Institusional. Atividade divulgasaun nian hahu ho [&hellip;]<\/p>\n","protected":false},"author":5,"featured_media":2080,"comment_status":"open","ping_status":"open","sticky":false,"template":"","format":"standard","meta":{"footnotes":""},"categories":[6],"tags":[],"class_list":["post-2079","post","type-post","status-publish","format-standard","has-post-thumbnail","hentry","category-news"],"_links":{"self":[{"href":"https:\/\/aemtl.org\/tetun\/wp-json\/wp\/v2\/posts\/2079","targetHints":{"allow":["GET"]}}],"collection":[{"href":"https:\/\/aemtl.org\/tetun\/wp-json\/wp\/v2\/posts"}],"about":[{"href":"https:\/\/aemtl.org\/tetun\/wp-json\/wp\/v2\/types\/post"}],"author":[{"embeddable":true,"href":"https:\/\/aemtl.org\/tetun\/wp-json\/wp\/v2\/users\/5"}],"replies":[{"embeddable":true,"href":"https:\/\/aemtl.org\/tetun\/wp-json\/wp\/v2\/comments?post=2079"}],"version-history":[{"count":1,"href":"https:\/\/aemtl.org\/tetun\/wp-json\/wp\/v2\/posts\/2079\/revisions"}],"predecessor-version":[{"id":2100,"href":"https:\/\/aemtl.org\/tetun\/wp-json\/wp\/v2\/posts\/2079\/revisions\/2100"}],"wp:featuredmedia":[{"embeddable":true,"href":"https:\/\/aemtl.org\/tetun\/wp-json\/wp\/v2\/media\/2080"}],"wp:attachment":[{"href":"https:\/\/aemtl.org\/tetun\/wp-json\/wp\/v2\/media?parent=2079"}],"wp:term":[{"taxonomy":"category","embeddable":true,"href":"https:\/\/aemtl.org\/tetun\/wp-json\/wp\/v2\/categories?post=2079"},{"taxonomy":"post_tag","embeddable":true,"href":"https:\/\/aemtl.org\/tetun\/wp-json\/wp\/v2\/tags?post=2079"}],"curies":[{"name":"wp","href":"https:\/\/api.w.org\/{rel}","templated":true}]}}