{"id":2085,"date":"2025-08-13T03:17:21","date_gmt":"2025-08-13T03:17:21","guid":{"rendered":"https:\/\/aemtl.org\/tetun\/?p=2085"},"modified":"2025-08-13T03:17:21","modified_gmt":"2025-08-13T03:17:21","slug":"workshop-rejional-asean-kona-ba-kriasaun-no-formalizasaun-empregu","status":"publish","type":"post","link":"https:\/\/aemtl.org\/tetun\/workshop-rejional-asean-kona-ba-kriasaun-no-formalizasaun-empregu\/","title":{"rendered":"Semin\u00e1riu Kona-ba Konseitu Banku Nasion\u00e1l Dezenvolvimentu Timor-Leste, Nu\u2019udar pasu desizivu iha Konstrusaun Ekonomia ne\u2019eb\u00e9 Forte Inkluziva no Diversifikada"},"content":{"rendered":"\n<p>Dili, 1 Agostu 2025-<\/p>\n\n\n\n<p>Presidente Associa\u00e7\u00e3o Emprezarial das Mulheres Timor-Leste Sra. Hergui Luina F. Alves no P. I. Sra Sandra F. Alves do Rego, partisipa iha semin\u00e1riu Konseptu Banku Nasional Dezenvolvimentu Timor Leste, iha salaun Audit\u00f3riu Minist\u00e9riu Finansa, Ai-tarak laran, D\u00edli.<\/p>\n\n\n\n<p>Semin\u00e1riu ne\u2019e ho objetivu atu promove reflesaun t\u00e9knika no institusion\u00e1l kona-ba kriasaun no operasionalizasaun Banku Nasion\u00e1l Dezenvolvimentu Timor-Leste (BNDTL), instrumentu estrat\u00e9jiku ne\u2019eb\u00e9 prevee ona iha Programa IX Governu Konstitusion\u00e1l, ne\u2019eb\u00e9 refere espresamente iha ninia Lei Org\u00e1nika nu\u2019ud\u00e1r inisiativa estruturante b\u00e1 dezenvolvimentu ekon\u00f3miku sustent\u00e1vel no inkluzivu iha Timor-Leste.<\/p>\n\n\n\n<p>Primeiro-Ministro RDTL: Kay Rala Xanana Gusm\u00e3o loke semin\u00e1riu importante ida-ne\u2019e kona-b\u00e1 konseitu b\u00e1 Banku Nasion\u00e1l Dezenvolvimentu. Nia konsidera katak, Kriasaun Banku Nasion\u00e1l Dezenvolvimentu hanesan pasu desizivu (ka, hakat boot ida) iha konstrusaun ekonomia ida ne\u2019eb\u00e9 forte, inkluziva no diversifikada iha Timor-Leste.<\/p>\n","protected":false},"excerpt":{"rendered":"<p>Dili, 1 Agostu 2025- Presidente Associa\u00e7\u00e3o Emprezarial das Mulheres Timor-Leste Sra. Hergui Luina F. Alves no P. I. Sra Sandra F. Alves do Rego, partisipa iha semin\u00e1riu Konseptu Banku Nasional Dezenvolvimentu Timor Leste, iha salaun Audit\u00f3riu Minist\u00e9riu Finansa, Ai-tarak laran, D\u00edli. Semin\u00e1riu ne\u2019e ho objetivu atu promove reflesaun t\u00e9knika no institusion\u00e1l kona-ba kriasaun no operasionalizasaun [&hellip;]<\/p>\n","protected":false},"author":5,"featured_media":2092,"comment_status":"open","ping_status":"open","sticky":false,"template":"","format":"standard","meta":{"footnotes":""},"categories":[6],"tags":[],"class_list":["post-2085","post","type-post","status-publish","format-standard","has-post-thumbnail","hentry","category-news"],"_links":{"self":[{"href":"https:\/\/aemtl.org\/tetun\/wp-json\/wp\/v2\/posts\/2085","targetHints":{"allow":["GET"]}}],"collection":[{"href":"https:\/\/aemtl.org\/tetun\/wp-json\/wp\/v2\/posts"}],"about":[{"href":"https:\/\/aemtl.org\/tetun\/wp-json\/wp\/v2\/types\/post"}],"author":[{"embeddable":true,"href":"https:\/\/aemtl.org\/tetun\/wp-json\/wp\/v2\/users\/5"}],"replies":[{"embeddable":true,"href":"https:\/\/aemtl.org\/tetun\/wp-json\/wp\/v2\/comments?post=2085"}],"version-history":[{"count":6,"href":"https:\/\/aemtl.org\/tetun\/wp-json\/wp\/v2\/posts\/2085\/revisions"}],"predecessor-version":[{"id":2091,"href":"https:\/\/aemtl.org\/tetun\/wp-json\/wp\/v2\/posts\/2085\/revisions\/2091"}],"wp:featuredmedia":[{"embeddable":true,"href":"https:\/\/aemtl.org\/tetun\/wp-json\/wp\/v2\/media\/2092"}],"wp:attachment":[{"href":"https:\/\/aemtl.org\/tetun\/wp-json\/wp\/v2\/media?parent=2085"}],"wp:term":[{"taxonomy":"category","embeddable":true,"href":"https:\/\/aemtl.org\/tetun\/wp-json\/wp\/v2\/categories?post=2085"},{"taxonomy":"post_tag","embeddable":true,"href":"https:\/\/aemtl.org\/tetun\/wp-json\/wp\/v2\/tags?post=2085"}],"curies":[{"name":"wp","href":"https:\/\/api.w.org\/{rel}","templated":true}]}}