{"id":2093,"date":"2025-08-13T03:17:14","date_gmt":"2025-08-13T03:17:14","guid":{"rendered":"https:\/\/aemtl.org\/pt\/?p=2093"},"modified":"2025-08-13T03:17:14","modified_gmt":"2025-08-13T03:17:14","slug":"seminario-sobre-o-conceito-do-banco-nacional-de-desenvolvimento-de-timor-leste-como-passo-decisivo-na-construcao-de-uma-economia-forte-inclusiva-e-diversificada","status":"publish","type":"post","link":"https:\/\/aemtl.org\/tetun\/seminario-sobre-o-conceito-do-banco-nacional-de-desenvolvimento-de-timor-leste-como-passo-decisivo-na-construcao-de-uma-economia-forte-inclusiva-e-diversificada\/","title":{"rendered":"Konfer\u00e9nsia Ekonomia no Neg\u00f3siu entre Timor-Leste no Austr\u00e1lia"},"content":{"rendered":"\n<p>D\u00edli, 7\u20138 Agustu 2025<\/p>\n\n\n\n<p>Iha konfer\u00e9nsia ne\u2019e, Presidente AEMTL, Ms. Hergui Luina Fernandes Alves, atua hanesan Panelista ho tematika \u201cHalo Neg\u00f3siu iha Timor-Leste\u201d, hamutuk ho Moderador Mr. David Freedman (Resident Representative, World Bank Group), Ms. Pamela Jape (Managing Director, Jape Group Australia), Mr. Shane Walden (Managing Director, ANL Container Line, no Australia\u2019s Business Champion to Timor-Leste).<\/p>\n\n\n\n<p>Painel ida ne\u2019e halibur lider empres\u00e1rial sira ne\u2019eb\u00e9 halo operasaun iha paisajem kom\u00e9rsial Timor-Leste nian, ne\u2019eb\u00e9 evolui daudaun. Husi turizmu no agrikultura ba servisu no retallu, panelista sira fahe hanoin kona-ba oportunidade, risku, no realidade sira ne\u2019eb\u00e9 enfrenta bainhira halo neg\u00f3siu iha Timor-Leste. Diskusaun mos aborda politika relevante, atu explora saida mak funsiona, saida mak la funsiona, no tansa mak investor sira bele hetan susesu iha tempu naruk iha merkadu emerjente foun ida ne\u2019e iha Sudeste Azi\u00e1tiku.<\/p>\n\n\n\n<p>Al\u00e9nde ne\u2019e, Presidente AEMTL kontinua hanesan panelista daruak iha sesaun ida ho tematika \u201cLoke Oportunidade iha Produtu Agrikultura Espesi\u00e1l\u201d, hamutuk ho Moderador Professor Brett Inder (Monash Business School), Mr. Bobby Lay (Executive Director, Timor Global), no Mr. Nur Rahman (Additional panel member, TBD).<\/p>\n\n\n\n<p>Set\u00f3r agrikultura Timor-Leste la\u2019\u00f3s deit depende ba produtu tradision\u00e1l, maib\u00e9 agora aumenta diversifikasaun ho variedade produtu agrikultura val\u00f3r aas hanesan baunilha (vanilla), ahen (ginger), kunyit (turmeric), kanela (cinnamon), kaf\u00e9 espesi\u00e1l (speciality coffee) no produtu espesi\u00e1l seluk.<\/p>\n","protected":false},"excerpt":{"rendered":"<p>D\u00edli, 7\u20138 Agustu 2025 Iha konfer\u00e9nsia ne\u2019e, Presidente AEMTL, Ms. Hergui Luina Fernandes Alves, atua hanesan Panelista ho tematika \u201cHalo Neg\u00f3siu iha Timor-Leste\u201d, hamutuk ho Moderador Mr. David Freedman (Resident Representative, World Bank Group), Ms. Pamela Jape (Managing Director, Jape Group Australia), Mr. Shane Walden (Managing Director, ANL Container Line, no Australia\u2019s Business Champion to [&hellip;]<\/p>\n","protected":false},"author":5,"featured_media":2099,"comment_status":"open","ping_status":"open","sticky":false,"template":"","format":"standard","meta":{"footnotes":""},"categories":[6],"tags":[],"class_list":["post-2093","post","type-post","status-publish","format-standard","has-post-thumbnail","hentry","category-news"],"_links":{"self":[{"href":"https:\/\/aemtl.org\/tetun\/wp-json\/wp\/v2\/posts\/2093","targetHints":{"allow":["GET"]}}],"collection":[{"href":"https:\/\/aemtl.org\/tetun\/wp-json\/wp\/v2\/posts"}],"about":[{"href":"https:\/\/aemtl.org\/tetun\/wp-json\/wp\/v2\/types\/post"}],"author":[{"embeddable":true,"href":"https:\/\/aemtl.org\/tetun\/wp-json\/wp\/v2\/users\/5"}],"replies":[{"embeddable":true,"href":"https:\/\/aemtl.org\/tetun\/wp-json\/wp\/v2\/comments?post=2093"}],"version-history":[{"count":5,"href":"https:\/\/aemtl.org\/tetun\/wp-json\/wp\/v2\/posts\/2093\/revisions"}],"predecessor-version":[{"id":2098,"href":"https:\/\/aemtl.org\/tetun\/wp-json\/wp\/v2\/posts\/2093\/revisions\/2098"}],"wp:featuredmedia":[{"embeddable":true,"href":"https:\/\/aemtl.org\/tetun\/wp-json\/wp\/v2\/media\/2099"}],"wp:attachment":[{"href":"https:\/\/aemtl.org\/tetun\/wp-json\/wp\/v2\/media?parent=2093"}],"wp:term":[{"taxonomy":"category","embeddable":true,"href":"https:\/\/aemtl.org\/tetun\/wp-json\/wp\/v2\/categories?post=2093"},{"taxonomy":"post_tag","embeddable":true,"href":"https:\/\/aemtl.org\/tetun\/wp-json\/wp\/v2\/tags?post=2093"}],"curies":[{"name":"wp","href":"https:\/\/api.w.org\/{rel}","templated":true}]}}