{"id":519,"date":"2025-02-03T06:59:24","date_gmt":"2025-02-03T06:59:24","guid":{"rendered":"https:\/\/aemtl.org\/?p=519"},"modified":"2025-02-08T19:46:09","modified_gmt":"2025-02-08T19:46:09","slug":"workshop-to-strengthen-business-3","status":"publish","type":"post","link":"https:\/\/aemtl.org\/tetun\/workshop-to-strengthen-business-3\/","title":{"rendered":"WORKSHOP BA FORTALESE NEG\u00d3SIU IHA \u00c1REA SERVISU"},"content":{"rendered":"\n<p>AEMTL hala\u2019o workshop ba feto joven empreendedora no partisipante IDEIAS-D\u00edli Inovar ho tema&nbsp;<strong>Neg\u00f3siu iha \u00c1rea Servisu<\/strong>&nbsp;ba feto joven partisipa iha kompetisaun \u201cIdeias-D\u00edli Inovar\u201d. Workshop ida ne\u2019e parte husi&nbsp;<strong>Treinamentu Empreendedorismo<\/strong>&nbsp;AEMTL ho m\u00f3dulu \u201cGet Ahead\u201d.<\/p>\n\n\n\n<p>Objetivu mak inspirar no motiva feto joven atu hetan konhesimentu no esperi\u00e9nsia foun kriasaun neg\u00f3siu, ho oradora Ana Paula Torres Goudinho iha sala treinamentu AEMTL.<\/p>\n\n\n\n<p>Workshop loke husi Prezidente Interina AEMTL, Sra. Maria F\u00e1tima I.C.C Belo, ho foku ba \u201cNeg\u00f3siu iha \u00c1rea Servisu\u201d, no partisipa reprezentante UCCLA iha Timor-Leste no Konsellu Ezekutivu AEMTL.<\/p>\n\n\n\n<p>Atividade ida ne\u2019e hala\u2019o liu husi&nbsp;<strong>Projetu Parseiru ba Refor\u00e7u Governasaun Urbana, Inkluzaun Sosi\u00e1l no Promosaun Empreendedorismo iha D\u00edli<\/strong>, finansiado husi&nbsp;<strong>UNIAUN EUROPEIA<\/strong>&nbsp;ho parseiru UCCLA, AMD, CMLisboa, no AEMTL.<\/p>\n","protected":false},"excerpt":{"rendered":"<p>AEMTL hala\u2019o workshop ba feto joven empreendedora no partisipante IDEIAS-D\u00edli Inovar ho tema&nbsp;Neg\u00f3siu iha \u00c1rea Servisu&nbsp;ba feto joven partisipa iha kompetisaun \u201cIdeias-D\u00edli Inovar\u201d. Workshop ida ne\u2019e parte husi&nbsp;Treinamentu Empreendedorismo&nbsp;AEMTL ho m\u00f3dulu \u201cGet Ahead\u201d. Objetivu mak inspirar no motiva feto joven atu hetan konhesimentu no esperi\u00e9nsia foun kriasaun neg\u00f3siu, ho oradora Ana Paula Torres Goudinho iha [&hellip;]<\/p>\n","protected":false},"author":2,"featured_media":486,"comment_status":"open","ping_status":"open","sticky":false,"template":"","format":"standard","meta":{"footnotes":""},"categories":[6],"tags":[],"class_list":["post-519","post","type-post","status-publish","format-standard","has-post-thumbnail","hentry","category-news"],"_links":{"self":[{"href":"https:\/\/aemtl.org\/tetun\/wp-json\/wp\/v2\/posts\/519","targetHints":{"allow":["GET"]}}],"collection":[{"href":"https:\/\/aemtl.org\/tetun\/wp-json\/wp\/v2\/posts"}],"about":[{"href":"https:\/\/aemtl.org\/tetun\/wp-json\/wp\/v2\/types\/post"}],"author":[{"embeddable":true,"href":"https:\/\/aemtl.org\/tetun\/wp-json\/wp\/v2\/users\/2"}],"replies":[{"embeddable":true,"href":"https:\/\/aemtl.org\/tetun\/wp-json\/wp\/v2\/comments?post=519"}],"version-history":[{"count":3,"href":"https:\/\/aemtl.org\/tetun\/wp-json\/wp\/v2\/posts\/519\/revisions"}],"predecessor-version":[{"id":1340,"href":"https:\/\/aemtl.org\/tetun\/wp-json\/wp\/v2\/posts\/519\/revisions\/1340"}],"wp:featuredmedia":[{"embeddable":true,"href":"https:\/\/aemtl.org\/tetun\/wp-json\/wp\/v2\/media\/486"}],"wp:attachment":[{"href":"https:\/\/aemtl.org\/tetun\/wp-json\/wp\/v2\/media?parent=519"}],"wp:term":[{"taxonomy":"category","embeddable":true,"href":"https:\/\/aemtl.org\/tetun\/wp-json\/wp\/v2\/categories?post=519"},{"taxonomy":"post_tag","embeddable":true,"href":"https:\/\/aemtl.org\/tetun\/wp-json\/wp\/v2\/tags?post=519"}],"curies":[{"name":"wp","href":"https:\/\/api.w.org\/{rel}","templated":true}]}}