{"id":521,"date":"2025-02-03T07:00:18","date_gmt":"2025-02-03T07:00:18","guid":{"rendered":"https:\/\/aemtl.org\/?p=521"},"modified":"2025-02-08T19:45:31","modified_gmt":"2025-02-08T19:45:31","slug":"aemtl-leadership-meets-with-ifc-official","status":"publish","type":"post","link":"https:\/\/aemtl.org\/tetun\/aemtl-leadership-meets-with-ifc-official\/","title":{"rendered":"LIDERANSA AEMTL REUNI HO REPREZENTANTE IFC"},"content":{"rendered":"\n<p>Sesta-feira, 2 Fevereiru 2024 \u2014 Prezidente AEMTL, Hergui Luina Fernandes Alves, ho Vice-Prezidente ba Ind\u00fastria Kreativa no Neg\u00f3siu Sosi\u00e1l, Sandra Felisbela A. do R\u00eago, reun\u00ed ho reprezentante IFC, inklui&nbsp;<strong>Diret\u00f3r Pa\u00eds IFC<\/strong>&nbsp;Sr. David Friedman no konsultora Sra. Sonal Akhaury &#038; Sra. Sarina Bolla.<\/p>\n\n\n\n<p>Objetivu mak diskute planu ba organiza&nbsp;<strong>premiu empreendedorismo feto<\/strong>&nbsp;ne\u2019eb\u00e9 sei realiza tinan-tinan no halo avaliasaun necesidade ba membru PME antes implementa treinamentu empreendedorismo no ajuda asesu ba kapit\u00e1l.<\/p>\n","protected":false},"excerpt":{"rendered":"<p>Sesta-feira, 2 Fevereiru 2024 \u2014 Prezidente AEMTL, Hergui Luina Fernandes Alves, ho Vice-Prezidente ba Ind\u00fastria Kreativa no Neg\u00f3siu Sosi\u00e1l, Sandra Felisbela A. do R\u00eago, reun\u00ed ho reprezentante IFC, inklui&nbsp;Diret\u00f3r Pa\u00eds IFC&nbsp;Sr. David Friedman no konsultora Sra. Sonal Akhaury &#038; Sra. Sarina Bolla. Objetivu mak diskute planu ba organiza&nbsp;premiu empreendedorismo feto&nbsp;ne\u2019eb\u00e9 sei realiza tinan-tinan no halo [&hellip;]<\/p>\n","protected":false},"author":2,"featured_media":489,"comment_status":"open","ping_status":"open","sticky":false,"template":"","format":"standard","meta":{"footnotes":""},"categories":[6],"tags":[],"class_list":["post-521","post","type-post","status-publish","format-standard","has-post-thumbnail","hentry","category-news"],"_links":{"self":[{"href":"https:\/\/aemtl.org\/tetun\/wp-json\/wp\/v2\/posts\/521","targetHints":{"allow":["GET"]}}],"collection":[{"href":"https:\/\/aemtl.org\/tetun\/wp-json\/wp\/v2\/posts"}],"about":[{"href":"https:\/\/aemtl.org\/tetun\/wp-json\/wp\/v2\/types\/post"}],"author":[{"embeddable":true,"href":"https:\/\/aemtl.org\/tetun\/wp-json\/wp\/v2\/users\/2"}],"replies":[{"embeddable":true,"href":"https:\/\/aemtl.org\/tetun\/wp-json\/wp\/v2\/comments?post=521"}],"version-history":[{"count":3,"href":"https:\/\/aemtl.org\/tetun\/wp-json\/wp\/v2\/posts\/521\/revisions"}],"predecessor-version":[{"id":1339,"href":"https:\/\/aemtl.org\/tetun\/wp-json\/wp\/v2\/posts\/521\/revisions\/1339"}],"wp:featuredmedia":[{"embeddable":true,"href":"https:\/\/aemtl.org\/tetun\/wp-json\/wp\/v2\/media\/489"}],"wp:attachment":[{"href":"https:\/\/aemtl.org\/tetun\/wp-json\/wp\/v2\/media?parent=521"}],"wp:term":[{"taxonomy":"category","embeddable":true,"href":"https:\/\/aemtl.org\/tetun\/wp-json\/wp\/v2\/categories?post=521"},{"taxonomy":"post_tag","embeddable":true,"href":"https:\/\/aemtl.org\/tetun\/wp-json\/wp\/v2\/tags?post=521"}],"curies":[{"name":"wp","href":"https:\/\/api.w.org\/{rel}","templated":true}]}}