{"id":527,"date":"2025-02-03T07:11:52","date_gmt":"2025-02-03T07:11:52","guid":{"rendered":"https:\/\/aemtl.org\/?p=527"},"modified":"2025-02-08T19:44:51","modified_gmt":"2025-02-08T19:44:51","slug":"first-training-for-the-ideia-dili-inovar-project","status":"publish","type":"post","link":"https:\/\/aemtl.org\/tetun\/first-training-for-the-ideia-dili-inovar-project\/","title":{"rendered":"TREINAMENTU BA PROJETU IDEIAS-D\u00cdLI INOVAR"},"content":{"rendered":"\n<p>D\u00edli, Loron-Sesta, 5 Dezembru 2023.<\/p>\n\n\n\n<p>Liu husi&nbsp;<strong>Projetu Ideias D\u00edli Inovar<\/strong>, treinamentu primeiru hala\u2019o ba partisipante 19 iha sala treinamentu AEMTL, lidera husi Treinad\u00f3r Prinsip\u00e1l 2 no Ko-Treinad\u00f3r 2 durante loron 30 (Dezembru 2023 to\u2019o Fevereiru 2024).<\/p>\n\n\n\n<p>Projetu ne\u2019e parseiru entre&nbsp;<strong>Uniaun Europeia<\/strong>&nbsp;ho implementad\u00f3r sira AEMTL, AMD, no IADE.<\/p>\n","protected":false},"excerpt":{"rendered":"<p>D\u00edli, Loron-Sesta, 5 Dezembru 2023. Liu husi&nbsp;Projetu Ideias D\u00edli Inovar, treinamentu primeiru hala\u2019o ba partisipante 19 iha sala treinamentu AEMTL, lidera husi Treinad\u00f3r Prinsip\u00e1l 2 no Ko-Treinad\u00f3r 2 durante loron 30 (Dezembru 2023 to\u2019o Fevereiru 2024). Projetu ne\u2019e parseiru entre&nbsp;Uniaun Europeia&nbsp;ho implementad\u00f3r sira AEMTL, AMD, no IADE.<\/p>\n","protected":false},"author":2,"featured_media":532,"comment_status":"open","ping_status":"open","sticky":false,"template":"","format":"standard","meta":{"footnotes":""},"categories":[6],"tags":[],"class_list":["post-527","post","type-post","status-publish","format-standard","has-post-thumbnail","hentry","category-news"],"_links":{"self":[{"href":"https:\/\/aemtl.org\/tetun\/wp-json\/wp\/v2\/posts\/527","targetHints":{"allow":["GET"]}}],"collection":[{"href":"https:\/\/aemtl.org\/tetun\/wp-json\/wp\/v2\/posts"}],"about":[{"href":"https:\/\/aemtl.org\/tetun\/wp-json\/wp\/v2\/types\/post"}],"author":[{"embeddable":true,"href":"https:\/\/aemtl.org\/tetun\/wp-json\/wp\/v2\/users\/2"}],"replies":[{"embeddable":true,"href":"https:\/\/aemtl.org\/tetun\/wp-json\/wp\/v2\/comments?post=527"}],"version-history":[{"count":3,"href":"https:\/\/aemtl.org\/tetun\/wp-json\/wp\/v2\/posts\/527\/revisions"}],"predecessor-version":[{"id":1338,"href":"https:\/\/aemtl.org\/tetun\/wp-json\/wp\/v2\/posts\/527\/revisions\/1338"}],"wp:featuredmedia":[{"embeddable":true,"href":"https:\/\/aemtl.org\/tetun\/wp-json\/wp\/v2\/media\/532"}],"wp:attachment":[{"href":"https:\/\/aemtl.org\/tetun\/wp-json\/wp\/v2\/media?parent=527"}],"wp:term":[{"taxonomy":"category","embeddable":true,"href":"https:\/\/aemtl.org\/tetun\/wp-json\/wp\/v2\/categories?post=527"},{"taxonomy":"post_tag","embeddable":true,"href":"https:\/\/aemtl.org\/tetun\/wp-json\/wp\/v2\/tags?post=527"}],"curies":[{"name":"wp","href":"https:\/\/api.w.org\/{rel}","templated":true}]}}