{"id":537,"date":"2025-02-03T07:15:00","date_gmt":"2025-02-03T07:15:00","guid":{"rendered":"https:\/\/aemtl.org\/?p=537"},"modified":"2025-02-08T19:43:16","modified_gmt":"2025-02-08T19:43:16","slug":"aemtl-president-speaks-at-intergenerational-dialogue-in-timor-leste","status":"publish","type":"post","link":"https:\/\/aemtl.org\/tetun\/aemtl-president-speaks-at-intergenerational-dialogue-in-timor-leste\/","title":{"rendered":"PREZIDENTE AEMTL HATO\u2019O DISKURSU IHA DI\u00c1LOGU INTERJENERASIONAL TIMOR-LESTE"},"content":{"rendered":"\n<p>D\u00edli, 6 Novembru 2024 \u2014 Prezidente&nbsp;<strong>Associa\u00e7\u00e3o Empreendedora Mulher Timor-Leste (AEMTL)<\/strong>&nbsp;sei sai oradora iha&nbsp;<strong>Di\u00e1logu Interjenerasional<\/strong>&nbsp;hodi promove asuntu pol\u00edtika, edukasaun, ekon\u00f3miku, sosi\u00e1l no kultural entre feto, organiza husi Plan International Timor-Leste.<\/p>\n\n\n\n<p>Programa ne\u2019e ho objetivu atu&nbsp;<strong>fortalese grupu marginalizadu<\/strong>&nbsp;iha Timor-Leste, foku spes\u00edfiku ba feto joven no ema defisi\u00e9nsia, hodi permiti sira partisipa ho signifikadu no ativu iha eleisaun sira iha Timor-Leste.<\/p>\n","protected":false},"excerpt":{"rendered":"<p>D\u00edli, 6 Novembru 2024 \u2014 Prezidente&nbsp;Associa\u00e7\u00e3o Empreendedora Mulher Timor-Leste (AEMTL)&nbsp;sei sai oradora iha&nbsp;Di\u00e1logu Interjenerasional&nbsp;hodi promove asuntu pol\u00edtika, edukasaun, ekon\u00f3miku, sosi\u00e1l no kultural entre feto, organiza husi Plan International Timor-Leste. Programa ne\u2019e ho objetivu atu&nbsp;fortalese grupu marginalizadu&nbsp;iha Timor-Leste, foku spes\u00edfiku ba feto joven no ema defisi\u00e9nsia, hodi permiti sira partisipa ho signifikadu no ativu iha eleisaun [&hellip;]<\/p>\n","protected":false},"author":2,"featured_media":539,"comment_status":"open","ping_status":"open","sticky":false,"template":"","format":"standard","meta":{"footnotes":""},"categories":[6],"tags":[],"class_list":["post-537","post","type-post","status-publish","format-standard","has-post-thumbnail","hentry","category-news"],"_links":{"self":[{"href":"https:\/\/aemtl.org\/tetun\/wp-json\/wp\/v2\/posts\/537","targetHints":{"allow":["GET"]}}],"collection":[{"href":"https:\/\/aemtl.org\/tetun\/wp-json\/wp\/v2\/posts"}],"about":[{"href":"https:\/\/aemtl.org\/tetun\/wp-json\/wp\/v2\/types\/post"}],"author":[{"embeddable":true,"href":"https:\/\/aemtl.org\/tetun\/wp-json\/wp\/v2\/users\/2"}],"replies":[{"embeddable":true,"href":"https:\/\/aemtl.org\/tetun\/wp-json\/wp\/v2\/comments?post=537"}],"version-history":[{"count":3,"href":"https:\/\/aemtl.org\/tetun\/wp-json\/wp\/v2\/posts\/537\/revisions"}],"predecessor-version":[{"id":1335,"href":"https:\/\/aemtl.org\/tetun\/wp-json\/wp\/v2\/posts\/537\/revisions\/1335"}],"wp:featuredmedia":[{"embeddable":true,"href":"https:\/\/aemtl.org\/tetun\/wp-json\/wp\/v2\/media\/539"}],"wp:attachment":[{"href":"https:\/\/aemtl.org\/tetun\/wp-json\/wp\/v2\/media?parent=537"}],"wp:term":[{"taxonomy":"category","embeddable":true,"href":"https:\/\/aemtl.org\/tetun\/wp-json\/wp\/v2\/categories?post=537"},{"taxonomy":"post_tag","embeddable":true,"href":"https:\/\/aemtl.org\/tetun\/wp-json\/wp\/v2\/tags?post=537"}],"curies":[{"name":"wp","href":"https:\/\/api.w.org\/{rel}","templated":true}]}}