{"id":544,"date":"2025-02-03T07:19:12","date_gmt":"2025-02-03T07:19:12","guid":{"rendered":"https:\/\/aemtl.org\/?p=544"},"modified":"2025-02-08T21:30:06","modified_gmt":"2025-02-08T21:30:06","slug":"the-timor-leste-womens-business-association-aemtl-at-the-national-and-municipal-levels","status":"publish","type":"post","link":"https:\/\/aemtl.org\/tetun\/the-timor-leste-womens-business-association-aemtl-at-the-national-and-municipal-levels\/","title":{"rendered":"Asosiasaun Emprez\u00e1riu Feto Timor-Leste (AEMTL), iha n\u00edvel nasion\u00e1l no municipal, partisipa iha semin\u00e1riu nasion\u00e1l ba feto."},"content":{"rendered":"\n<p>Dili, Sesta-feira, 16 Novembru 2024<\/p>\n\n\n\n<p>Asosiasaun Emprez\u00e1riu Feto Timor-Leste (AEMTL), iha n\u00edvel nasion\u00e1l no municipal, partisipa iha semin\u00e1riu nasion\u00e1l ba feto empreendedora sira ne\u2019eb\u00e9 organiza husi ADN, I.P., iha kolaborasaun ho SEI no AEMTL. Iha okaziaun ida-ne\u2019e, orad\u00f3r sira mak:<\/p>\n\n\n\n<p>\u2022 Diret\u00f3r-Jer\u00e1l SEI, Sr. Armando da Costa<\/p>\n\n\n\n<p>\u2022 Asesor ADN, I.P., Sra. Melenia da Costa Barros<\/p>\n\n\n\n<p>\u2022 Asesor ADN, I.P., Sr. Santoso<\/p>\n\n\n\n<p>Objetivu semin\u00e1riu ida-ne\u2019e mak: \u201cPerfil feto empreendedora sira: Empodera sira atu sai protagonista iha dezenvolvimentu nasion\u00e1l, partikularmente iha \u00e1rea infraestrutura.\u201d<\/p>\n\n\n\n<p>Semin\u00e1riu Nasion\u00e1l ne\u2019e loke husi Sua Excel\u00eancia Ministru Planifikasaun no Investimentu Estrat\u00e9jiku, Sr. Gast\u00e3o Fransisco de Sousa, no partisipa mos Diret\u00f3r Nasion\u00e1l ADN, I.P., no ases\u00f3r sira husi ADN.<\/p>\n\n\n\n<p><\/p>\n\n\n\n<p><\/p>\n","protected":false},"excerpt":{"rendered":"<p>Dili, Sesta-feira, 16 Novembru 2024 Asosiasaun Emprez\u00e1riu Feto Timor-Leste (AEMTL), iha n\u00edvel nasion\u00e1l no municipal, partisipa iha semin\u00e1riu nasion\u00e1l ba feto empreendedora sira ne\u2019eb\u00e9 organiza husi ADN, I.P., iha kolaborasaun ho SEI no AEMTL. Iha okaziaun ida-ne\u2019e, orad\u00f3r sira mak: \u2022 Diret\u00f3r-Jer\u00e1l SEI, Sr. Armando da Costa \u2022 Asesor ADN, I.P., Sra. Melenia da Costa [&hellip;]<\/p>\n","protected":false},"author":2,"featured_media":545,"comment_status":"open","ping_status":"open","sticky":false,"template":"","format":"standard","meta":{"footnotes":""},"categories":[6],"tags":[],"class_list":["post-544","post","type-post","status-publish","format-standard","has-post-thumbnail","hentry","category-news"],"_links":{"self":[{"href":"https:\/\/aemtl.org\/tetun\/wp-json\/wp\/v2\/posts\/544","targetHints":{"allow":["GET"]}}],"collection":[{"href":"https:\/\/aemtl.org\/tetun\/wp-json\/wp\/v2\/posts"}],"about":[{"href":"https:\/\/aemtl.org\/tetun\/wp-json\/wp\/v2\/types\/post"}],"author":[{"embeddable":true,"href":"https:\/\/aemtl.org\/tetun\/wp-json\/wp\/v2\/users\/2"}],"replies":[{"embeddable":true,"href":"https:\/\/aemtl.org\/tetun\/wp-json\/wp\/v2\/comments?post=544"}],"version-history":[{"count":4,"href":"https:\/\/aemtl.org\/tetun\/wp-json\/wp\/v2\/posts\/544\/revisions"}],"predecessor-version":[{"id":1306,"href":"https:\/\/aemtl.org\/tetun\/wp-json\/wp\/v2\/posts\/544\/revisions\/1306"}],"wp:featuredmedia":[{"embeddable":true,"href":"https:\/\/aemtl.org\/tetun\/wp-json\/wp\/v2\/media\/545"}],"wp:attachment":[{"href":"https:\/\/aemtl.org\/tetun\/wp-json\/wp\/v2\/media?parent=544"}],"wp:term":[{"taxonomy":"category","embeddable":true,"href":"https:\/\/aemtl.org\/tetun\/wp-json\/wp\/v2\/categories?post=544"},{"taxonomy":"post_tag","embeddable":true,"href":"https:\/\/aemtl.org\/tetun\/wp-json\/wp\/v2\/tags?post=544"}],"curies":[{"name":"wp","href":"https:\/\/api.w.org\/{rel}","templated":true}]}}